{"provider_url": "https://www.montesclaros.mg.leg.br", "title": "C\u00e2mara homenageia Codevasf pelos 50 anos", "html": "<p style=\"text-align: justify; \">Por Arthur Amorim J\u00fanior</p>\r\n<p style=\"text-align: justify; \">\u00a0</p>\r\n<p style=\"text-align: justify; \">A C\u00e2mara de Vereadores realizou na noite dessa sexta-feira (26), sess\u00e3o especial em homenagem aos 50 anos de implanta\u00e7\u00e3o da Companhia de Desenvolvimento dos Vales do S\u00e3o Francisco e do Parna\u00edba - Codevasf. O evento contou com a participa\u00e7\u00e3o de funcion\u00e1rios, lideran\u00e7as pol\u00edticas e empresariais do Norte de Minas. A homenagem foi de iniciativa do vereador Cl\u00e1udio Rodrigues (Rede). O segundo-secret\u00e1rio da C\u00e2mara, Wilton Dias (PTB), presidiu a solenidade.</p>\r\n<p style=\"text-align: justify; \"><span>O proponente atribuiu a homenagem como uma celebra\u00e7\u00e3o aos 50 anos da Codevasf, considerada um dos mais importantes \u201cbra\u00e7os\u201d do governo federal, em Montes Claros e Norte de Minas.</span></p>\r\n<p style=\"text-align: justify; \">\u201cUma empresa que nos d\u00e1 orgulho e que foi, e continuar\u00e1 sendo, com a gra\u00e7a de Deus, por muitos anos, fundamental para o progresso e desenvolvimento da nossa regi\u00e3o. \u00c9 uma empresa t\u00e3o s\u00e9ria e eficiente, que recebe recursos p\u00fablicos via emendas parlamentares para que os mesmos sejam destinados em obras de drenagem e pavimenta\u00e7\u00e3o, al\u00e9m da compra de m\u00e1quinas e tratores, apoiando e dando sustenta\u00e7\u00e3o a associa\u00e7\u00f5es comunit\u00e1rias das mais diversas formas, com um corpo t\u00e9cnico competente. Importante que atrav\u00e9s da Codevasf, o nosso trabalho consegue chegar na ponta, nas pessoas que mais precisam. Tenho a honra de ter sido o vereador proponente desta homenagem e agrade\u00e7o o apoio dos colegas vereadores que referendaram por unanimidade.\u201d</p>\r\n<p style=\"text-align: justify; \">\u00a0<span>Representando o prefeito de Montes Claros, Humberto souto, o vice-prefeito Guilherme Guimar\u00e3es ressaltou o reconhecimento da C\u00e2mara Municipal em prestar homenagem \u00e0 Codevasf.</span></p>\r\n<p style=\"text-align: justify; \">\u201c\u00c9 importante assinalar a atua\u00e7\u00e3o da Codevasf no fortalecimento da nossa economia com a implementa\u00e7\u00e3o de obras de infraestrutura h\u00eddrica. Entretanto, o maior legado que a empresa tem \u00e9 o seu corpo de funcion\u00e1rios. A codevasf \u00e9 uma escola de profissionais e o Norte de Minas deve muito a esta empresa.\"</p>\r\n<p style=\"text-align: justify; \"><span>O deputado estadual Gil Pereira (PSD) enfatizou a atua\u00e7\u00e3o da Codevasf e do seu corpo t\u00e9cnico de funcion\u00e1rios. Lembrou que foi atrav\u00e9s da atua\u00e7\u00e3o da empresa que foi a criada a barragem do Gorutuba. Conclamou todos para participarem, no pr\u00f3ximo dia 1\u00ba, do leil\u00e3o da barragem de Jequita\u00ed.</span></p>\r\n<p style=\"text-align: justify; \"><span></span><span>A deputada estadual Leninha (PT) assinalou que, nas comemora\u00e7\u00f5es dos 50 anos da Codevasf, Minas Gerais \u00e9 presenteada com mais uma superintend\u00eancia do \u00f3rg\u00e3o em Belo Horizonte, e reconheceu a import\u00e2ncia da C\u00e2mara Municipal ao prestar essa homenagem.</span></p>\r\n<p style=\"text-align: justify; \">\u201cA Codevasf tem muitos desafios. Os funcion\u00e1rios s\u00e3o o corpo da empresa! As obras s\u00e3o importantes, mas os funcion\u00e1rios s\u00e3o mais importantes, na constru\u00e7\u00e3o de importante projetos para nossa regi\u00e3o. N\u00f3s acreditamos na for\u00e7a da Codevasf para chegar em lugares onde as pessoas precisam.\u201d</p>\r\n<p style=\"text-align: justify; \">O deputado federal Paulo Guedes (PT) afirmou que a bancada federal de Minas sempre foi e continuar\u00e1 sendo parceira da Codevasf, colocando emendas.</p>\r\n<p style=\"text-align: justify; \">\u201cA Codevasf n\u00e3o \u00e9 s\u00f3 o rio S\u00e3o Francisco, mas atua em outros estados. Por isso, \u00e9 importante reconhecer a sua atua\u00e7\u00e3o. Precisamos pensar grande, produzir \u00e1gua e segur\u00e1-la para n\u00e3o passar tantas dificuldades. Temos que reestruturar alguns projetos, como a constru\u00e7\u00e3o de algumas barragens que contribuem sempre para o desenvolvimento econ\u00f4mico de Minas Gerais\u201d.</p>\r\n<p style=\"text-align: justify; \"><span>O diretor-presidente da Codevasf, Marcelo Andrade Moreira Pinto, agradeceu o vereador Cl\u00e1udio Rodrigues e aos vereadores pela homenagem e anunciou que a empresa receber\u00e1 um aporte de R$ 350 milh\u00f5es para ajudar o rio S\u00e3o Francisco, em Minas Gerais, como forma de garantir a seguran\u00e7a h\u00eddrica.</span></p>\r\n<p style=\"text-align: justify; \">\u201cA Codevasf surgiu h\u00e1 49 anos, com a proposta de preserva\u00e7\u00e3o do rio S\u00e3o Francisco e foi crescendo com infraestrutura h\u00eddrica e saneamento b\u00e1sico. Nosso objetivo \u00e9 dobrar a meta, come\u00e7ando pela concess\u00e3o do Projeto Jequita\u00ed. Temos outras obras importantes e no dia 22 de mar\u00e7o, queremos a presen\u00e7a de todos para dar a ordem de servi\u00e7o de revitaliza\u00e7\u00e3o em S\u00e3o Roque de Minas (nascente do rio S\u00e3o Francisco). A Codevasf est\u00e1 crescendo com mais \u00e1reas de abrang\u00eancia, com apoio dos deputados e recursos do governo federal para investimentos nas \u00e1reas mais carentes do pa\u00eds. Temos 16 superintend\u00eancias que atendem a 2.288 munic\u00edpios, queremos continuar contribuindo com mais obras para atender a popula\u00e7\u00e3o. Esta homenagem \u00e9 muito importante para empresa, mas, tem que ser dividida com todos os funcion\u00e1rios.\u201d</p>\r\n<p style=\"text-align: justify; \">\u00a0</p>\r\n<p style=\"text-align: justify; \"><strong>Sobre a Codevasf</strong></p>\r\n<p style=\"text-align: justify; \">A Codevasf \u00e9 uma empresa p\u00fablica de direito privado, criada pela Lei n\u00ba 6.088, de 16 de julho de 1974, de capital social pertencente integralmente a Uni\u00e3o e vinculada atualmente ao Minist\u00e9rio da Integra\u00e7\u00e3o e do Desenvolvimento Regional. \u00c0 \u00e9poca de sua cria\u00e7\u00e3o, em 1974, a Codevasf atendia ao Vale do rio S\u00e3o Francisco, em cinco estados \u2013 Minas Gerais, Bahia, Pernambuco, Sergipe e Alagoas. No decorrer dos anos, resultados positivos e realiza\u00e7\u00f5es da empresa atra\u00edram a aten\u00e7\u00e3o de outros estados, o que levou a amplia\u00e7\u00f5es de sua \u00e1rea de atua\u00e7\u00e3o. No Estado de Minas Gerais, a Codevasf atuava apenas na bacia hidrogr\u00e1fica do rio S\u00e3o Francisco. Com a Lei n\u00ba14.053, de 08 de setembro de 2020, passou a ter autoriza\u00e7\u00e3o para atuar nos demais munic\u00edpios mineiros nas bacias hidrogr\u00e1ficas dos rios Pardo, Jequitinhonha, Mucuri e Araguari. O \u00f3rg\u00e3o pode atuar num total de 356 munic\u00edpios em Minas Gerais, onde se faz presente por meio da 1\u00aa Superintend\u00eancia Regional, com representa\u00e7\u00e3o no munic\u00edpio de Montes Claros e da 16\u00aa Superintend\u00eancia Regional com sede em Belo Horizonte.</p>\r\n<p style=\"text-align: justify; \">\u00a0</p>\r\n<p align=\"left\" class=\"western\"><span><span><b>_____________________________</b></span></span></p>\r\n<p align=\"left\" class=\"western\"><span>C\u00e2mara Municipal de Montes Claros</span><span><span><span><span><span><span><b><br /></b></span></span></span></span></span></span><span>Assessoria de Comunica\u00e7\u00e3o Social<br />Contatos:(38) 3690-5504 | 3690-5506 \u2013ascom@montesclaros.mg.leg.br<br />Facebook\u00a0</span><span><a href=\"http://www.facebook.com/camaramoc\" target=\"_blank\"><span>www.facebook.com/camaramoc<br /></span></a></span><span>Twitter:</span><span><a href=\"https://twitter.com/camaramoc\" target=\"_blank\"><span>https://twitter.com/camaramoc<br /></span></a></span><span>Instagram:</span><span><span><a href=\"http://www.instagram.com/camaramoc\" target=\"_blank\">www.instagram.com/camaramoc<br /></a><a href=\"https://montesclaros.mg.leg.br/\" target=\"_blank\">https://montesclaros.mg.leg.br</a></span></span></p>\r\n<div class=\"cell width-1:4 position-3:4\" id=\"portal-column-two\">\r\n<div class=\"portletWrapper\" id=\"portletwrapper-706c6f6e652e7269676874636f6c756d6e0a636f6e746578740a2f706f7274616c0a62616e6e657273\" data-portlethash=\"706c6f6e652e7269676874636f6c756d6e0a636f6e746578740a2f706f7274616c0a62616e6e657273\"></div>\r\n</div>", "author_name": "", "version": "1.0", "author_url": "https://www.montesclaros.mg.leg.br/author/cassia.soares", "provider_name": "Montes Claros", "type": "rich"}