{"provider_url": "https://www.montesclaros.mg.leg.br", "title": "C\u00e2mara homenageia Ariadna Muniz ", "html": "<p align=\"justify\" class=\"western\"><span>Por Selma Gon\u00e7alves<br /></span></p>\r\n<p align=\"justify\" class=\"western\"><span>A C\u00e2mara de Vereadores homenageou, na sexta-feira (05), a m\u00e9dica Ariadna Borges Muniz com o t\u00edtulo de Cidad\u00e3 Benem\u00e9rita de Montes Claros. A homenagem foi de autoria do vereador Reinaldo Carrapicho (PRB). Estiveram presentes na solenidade, vereadores, pol\u00edticos, familiares, pacientes, colaboradores e amigos da homenageada.</span></p>\r\n<p align=\"justify\" class=\"western\"><span>Segundo o autor da preposi\u00e7\u00e3o, a homenagem \u00e9 uma forma da C\u00e2mara reconhecer os relevantes trabalhos prestados ao munic\u00edpio pela m\u00e9dica. </span></p>\r\n<p align=\"justify\" class=\"western\">\u201c<span>A decis\u00e3o de prestar essa homenagem \u00e0 Ariadna foi pelo longo tempo de conviv\u00eancia que tenho com ela. H\u00e1 20 anos procurei a doutora, no hospital Alpheu de Quadros, para me ajudar no trabalho social que presto na \u00e1rea de sa\u00fade e ela nunca mediu esfor\u00e7o para contribuir. Hoje tenho a oportunidade e o privil\u00e9gio de reconhecer esse empenho em ajudar tantas pessoas\u201d, destacou o vereador. Ainda de acordo com o parlamentar, a trajet\u00f3ria de Ariadna Muniz \u00e9 destaque em rela\u00e7\u00e3o a coragem, garra, dedica\u00e7\u00e3o e o comprometimento com o trabalho. </span></p>\r\n<p align=\"justify\" class=\"western\"><span>O ex-prefeito de Montes Claros e irm\u00e3o da homenageada, Ruy Muniz, fez quest\u00e3o de destacar o trabalho e dedica\u00e7\u00e3o de Ariadna, e em nome da fam\u00edlia agradeceu o Casa Legislativa, pelo reconhecimento do trabalho da oftalmologista e professora.</span></p>\r\n<p align=\"justify\" class=\"western\"><span>O prefeito de S\u00e3o Jo\u00e3o das Miss\u00f5es, Jair Xacriab\u00e1 (PRB), ressaltou sobre o privil\u00e9gio de conhecer a Ariadna Muniz, que \u00e9 conhecida na regi\u00e3o por ter um grande cora\u00e7\u00e3o e sempre disposta a ajudar e compartilhar o profissionalismo para fazer o bem ao pr\u00f3ximo.</span></p>\r\n<p align=\"justify\" class=\"western\"><span>O presidente da casa, vereador Cl\u00e1udio Rodrigues (Cidadania), exp\u00f4s que esse importante t\u00edtulo traduz o reconhecimento e a gratid\u00e3o do povo de Montes Claros ao trabalho da doutora Ariadna Borges: \u201c\u00c9 sempre motivo de grande satisfa\u00e7\u00e3o homenagear os cidad\u00e3os que contribuem com seu trabalho para o desenvolvimento da cidade\u201d, destacou o vereador.</span></p>\r\n<p align=\"justify\" class=\"western\"><span>A homenageada agradeceu \u00e0 fam\u00edlia pelo apoio e aos parlamentares pelo reconhecimento e destacou a luta das mulheres por sa\u00fade de qualidade, oportunidades iguais e pela participa\u00e7\u00e3o feminina na pol\u00edtica.</span></p>\r\n<p align=\"justify\" class=\"western\">\u00a0\u201c<span>Como todas as mulheres desempenho v\u00e1rios pap\u00e9is ao mesmo tempo. M\u00e3e, professora, m\u00e9dica e pol\u00edtica que busca cada vez mais capacita\u00e7\u00e3o para atuar no social. Ser acolhida com festa na minha cidade, s\u00f3 me deixa mais comprometida com as causas sociais dos queridos montes-clarenses, o que me impulsiona a continuar na trajet\u00f3ria na medicina e na pol\u00edtica\u201d, relatou Ariadna.<br /> <br /> <b>A HOMENAGEADA</b></span></p>\r\n<p align=\"justify\" class=\"western\"><span><br /> Ariadna Borges Muniz formou em medicina pela Unimontes, </span><span>e</span><span>specializou em estrabismo, pl\u00e1stica ocular, medicina do trabalho e sa\u00fade p\u00fablica. Tornou refer\u00eancia nacional na \u00e1rea que atua h\u00e1 22 anos. </span><span>A m\u00e9dica \u00e9 p</span><span>rofessora e coordenadora do m\u00f3dulo oftalmologia.<br /> <br /> Em 1999 fundou o servi\u00e7o de oftalmologia no hospital Alfheu de Quadros pelo S</span><span><span><span><span>US</span></span></span></span><span>, em Montes Claros. E em 2000 inaugurou sua cl\u00ednica. No per\u00edodo de 2001 \u00e0 2003 foi coordenadora da campanha de sa\u00fade \u201cOlho no Olho\u201d - </span><span>p</span><span>rojeto que detectava problemas visuais em estudantes carentes. </span><span>No ano de </span><span>2004 coordenou e ministrou treinamento na campanha \u201cOlhar Brasil\u201d do Minist\u00e9rio da Sa\u00fade em parceria com a prefeitura de Montes Claros e o conselho Brasileiro de Oftalmologia - </span><span>c</span><span>ampanha que tamb\u00e9m ajudou no processo de detec\u00e7\u00e3o e corre\u00e7\u00e3o de problemas visuais de estudantes da rede p\u00fablica de ensino.</span></p>\r\n<p align=\"justify\" class=\"western\"><span><span><span>No ano de 2005, assumiu o desafio de reerguer a funda\u00e7\u00e3o Nilton Rocha e </span><span>c</span><span>omo gestora </span><span>conseguiu bater o recorde </span><span>de atendimento pelo S</span><span>us</span><span>, superando dificuldades </span><span>e</span><span> voltando a ser refer\u00eanci</span><span>a em atendimento oftalmol\u00f3gico com dois milh\u00f5es consultas. </span></span></span></p>\r\n<p align=\"justify\" class=\"western\"><span><span><span><span><span>Em </span></span></span></span></span><span><span><span>2013 </span></span></span><span><span><span>foi e</span></span></span><span><span><span>scolhida para ser respons\u00e1vel pela implanta\u00e7\u00e3o e gest\u00e3o do Centro de Oftalmologia do hospital M\u00e1rio Ribeiro da Silveira, </span></span></span><span><span><span>onde ainda </span></span></span><span><span><span>atua como diretora e coordenadora do servi\u00e7o.</span></span></span></p>\r\n<p align=\"justify\" class=\"western\"><span><span><span><span><span>_______________________________________</span><br /><span>C\u00e2mara Municipal de Montes Claros</span><br /><span>Assessoria de Comunica\u00e7\u00e3o Social</span><br /><span>Contatos:(38) 3690-5504 | 3690-5506 \u2013\u00a0</span><a href=\"http://ascom@montesclaros.mg.leg.br/\" target=\"_blank\"><span>ascom@montesclaros.mg.leg.br</span></a><br /><span>Facebook:</span><a target=\"_blank\"><span>\u00a0www.facebook.com/camaramoc</span></a><br /><span>Twitter:\u00a0</span><a href=\"https://twitter.com/camaramoc\" target=\"_blank\"><span>https://twitter.com/camaramoc</span></a><br /><span>Instagram:\u00a0</span><a href=\"https://twitter.com/camaramoc\" target=\"_blank\"><span>www.instagram.com/camaramoc</span></a><br /><a href=\"https://www.montesclaros.mg.leg.br/\" target=\"_self\"><span>https://montesclaros.mg.leg.br</span></a></span><span>\u00a0</span><span>\u00a0 </span></span></span></span></p>\r\n<p style=\"text-align: justify; \">\u00a0</p>\r\n<p align=\"justify\" class=\"western\"><span><span><span><br /></span></span></span></p>", "author_name": "", "version": "1.0", "author_url": "https://www.montesclaros.mg.leg.br/author/selma", "provider_name": "Montes Claros", "type": "rich"}