{"provider_url": "https://www.montesclaros.mg.leg.br", "title": "C\u00e2mara entrega t\u00edtulo de cidad\u00e3 honor\u00e1ria ", "html": "<p style=\"text-align: justify; \">\u00a0Por Christine Antonini</p>\r\n<p style=\"text-align: justify; \"><span>Na noite desta segunda-feira (28/4), a C\u00e2mara de Montes Claros, atrav\u00e9s de iniciativa do vereador Marcos Nem (Pode), promoveu sess\u00e3o de homenagem para entregar T\u00edtulo de Cidad\u00e3 Honor\u00e1ria \u00e0 Daniele Alves Rizzo, oficial do Cart\u00f3rio do 2\u00ba Of\u00edcio de Registro de Im\u00f3veis. Na oportunidade o cart\u00f3rio tamb\u00e9m foi contemplado com uma honraria que reconhece os relevantes servi\u00e7os prestados no munic\u00edpio. </span></p>\r\n<p style=\"text-align: justify; \"><span>Natural da cidade de Campo Grande (MS), Daniele Rizzo \u00e9 graduada em direito, iniciando sua carreira como advogada em 2004. Em 2013 foi aprovada em concurso p\u00fablico, do Tribunal de Justi\u00e7a de Minas Gerais, assumindo como oficial do 2\u00ba Of\u00edcio de Registro de Im\u00f3veis de Montes Claros. </span></p>\r\n<p style=\"text-align: justify; \"><span>De acordo com o proponente da homenagem, vereador Marcos Nem, a homenageada, ao longo desses anos, trabalhou na moderniza\u00e7\u00e3o do cart\u00f3rio, garantindo maior efici\u00eancia, seguran\u00e7a jur\u00eddica e qualidade nos servi\u00e7os prestados \u00e0 popula\u00e7\u00e3o. </span></p>\r\n<p style=\"text-align: justify; \">\u201c<span><span>\u00c9 neste contexto t\u00e3o abrangente de contribui\u00e7\u00e3o ao atendimento p\u00fablico, compromisso com a presta\u00e7\u00e3o de servi\u00e7o de qualidade e ativa participa\u00e7\u00e3o social que tornamos Daniele uma cidad\u00e3 montes-clarense\u201d, enfatizou Marcos Nem. </span></span></p>\r\n<p style=\"text-align: justify; \"><span>O vice-presidente do Col\u00e9gio Registral Imobili\u00e1rio de Minas Gerais, Fernando Pereira do Nascimento, pontuou o profissionalismo de Daniele Rizzo, principalmente pela sua generosidade e trabalho feito, conquistando diversos pr\u00eamios: em 2024, o 2\u00ba Of\u00edcio de Registro de Im\u00f3veis conquistou o 8\u00b0 lugar entre as melhores empresas para trabalhar no Brasil, no seguimento cart\u00f3rio. </span></p>\r\n<p style=\"text-align: justify; \">\u201c<span><span>\u00c9 um cart\u00f3rio de excel\u00eancia e com compromisso com o futuro, sendo modelo e refer\u00eancia n\u00e3o s\u00f3 para Minas Gerais, mas tamb\u00e9m por todo Brasil. Daniele \u00e9 comprometida com a miss\u00e3o de assumir o cart\u00f3rio \u2013 certificado com v\u00e1rios ISOs, o que traz seguran\u00e7a para o cliente\u201d, pontuou o vice-presidente. </span></span></p>\r\n<p style=\"text-align: justify; \"><span>Atualmente, Daniele Rizzo \u00e9 vice-diretora da Regional de Im\u00f3veis de Montes Claros e possui refer\u00eancia nacional em qualidade e atendimento. </span></p>\r\n<p style=\"text-align: justify; \">\u201c<span><span>Cada passo da minha trajet\u00f3ria foi movida com a vontade constante de fazer a diferen\u00e7a e os desafios e conquistas ao longo do caminho fortaleceram a miss\u00e3o que sempre carreguei comigo. Cada conquista aqui \u00e9 fruto de um trabalho conjunto e parcerias que fortalecem e impulsionam. Receber esse t\u00edtulo \u00e9 fortalecer um profundo respeito por essa terra, que hoje me honra com o T\u00edtulo de Cidad\u00e3 Honor\u00e1ria. </span></span></p>\r\n<p style=\"text-align: justify; \"><span>Tamb\u00e9m esteve presente no evento, o deputado estadual, Roberto Andrade (PRD), que destacou a trajet\u00f3ria de Daniele Rizzo, enfatizando seu trabalho marcado pelo compromisso social. O prefeito Guilherme Guimar\u00e3es enfatizou a import\u00e2ncia de ter uma pessoa competente \u00e0 frente do cart\u00f3rio que \u00e9 respons\u00e1vel por regularizar e entregar um dos bens mais preciosos que a sociedade pode ter que a escritura de suas terras. </span></p>\r\n<p style=\"text-align: justify; \"><br /><strong>SOBRE O CART\u00d3RIO</strong></p>\r\n<p style=\"text-align: justify; \"><span>A cria\u00e7\u00e3o do Of\u00edcio do 2\u00ba Registro de Im\u00f3veis de Montes Claros ocorreu em 31 de agosto de 1965. Em 2012 a Dr\u00aa. Daniele Alves Rizzo foi aprovada no Concurso P\u00fablico de Provas e T\u00edtulos para ingresso na atividade Notarial e de Registro, promovido pelo Tribunal de Justi\u00e7a de Minas Gerais, regido pelo Edital n\u00ba 01/2011. Sendo que em 04 de janeiro de 2013 entrou em exerc\u00edcio na fun\u00e7\u00e3o de Oficial Registradora de Im\u00f3veis da referida Serventia. </span></p>\r\n<p style=\"text-align: justify; \"><span>Assim, a partir de 04 de janeiro de 2013, foi dado in\u00edcio ao processo de moderniza\u00e7\u00e3o e de informatiza\u00e7\u00e3o do Of\u00edcio do 2\u00ba Registro de Im\u00f3veis de Montes Claros, visando \u00e0 presta\u00e7\u00e3o de servi\u00e7o p\u00fablico eficiente e adequado, garantindo a seguran\u00e7a e a efic\u00e1cia dos atos jur\u00eddicos, cuja estrutura f\u00edsica da Serventia foi instalada, nesta data, na Avenida Deputado Esteves Rodrigues, n\u00ba. 660, sala 201, Centro, em espa\u00e7o adequado oferecendo conforto e comodidade aos usu\u00e1rios e aos colaboradores. </span></p>\r\n<p style=\"text-align: justify; \"><span><br /></span></p>\r\n<p style=\"text-align: justify; \"><span><br /></span></p>\r\n<p align=\"justify\" class=\"western\"><span><span><span><span><span><i><span><span>____________________________________</span></span></i></span></span></span></span></span></p>\r\n<p align=\"left\" class=\"western\"><span><span><span><span><span><span><b><span>C\u00e2mara Municipal de Montes Claros<br /> </span></b></span></span></span></span></span></span><span><span><span><span><span><span><span>Assessoria de Comunica\u00e7\u00e3o Social<br /> Contatos:(38) 3690-5504 | 3690-5506 \u2013ascom@montesclaros.mg.leg.br<br /> Facebook\u00a0</span></span></span></span></span></span></span><span><span><span><span><span><span><span><span><span><a href=\"http://www.facebook.com/camaramoc\" target=\"_blank\">www.facebook.com/camaramoc<br /> </a></span></span></span></span></span></span></span></span></span><span><span><span><span><span><span><span>Twitter:</span></span></span></span></span></span></span><span><span><span><span><span><span><span><span><span><a href=\"https://twitter.com/camaramoc\" target=\"_blank\">https://twitter.com/camaramoc<br /> </a></span></span></span></span></span></span></span></span></span><span><span><span><span><span><span><span>Instagram:</span></span></span></span></span></span></span><span><span><span><span><span><span><span><span><span><a href=\"http://www.instagram.com/camaramoc\" target=\"_blank\">www.instagram.com/camaramoc<br /> </a><a href=\"https://montesclaros.mg.leg.br/\" target=\"_blank\">https://montesclaros.mg.leg.br</a></span></span></span></span></span></span></span></span></span></p>\r\n<p style=\"text-align: justify; \"><span><br /></span></p>", "author_name": "", "version": "1.0", "author_url": "https://www.montesclaros.mg.leg.br/author/cristine", "provider_name": "Montes Claros", "type": "rich"}