{"provider_url": "https://www.montesclaros.mg.leg.br", "title": "C\u00e2mara \u00e9 palco de audi\u00eancias p\u00fablicas ", "html": "<p align=\"left\" class=\"western\"><i><span><span>Por Gissele Niza</span></span></i></p>\r\n<p align=\"left\" class=\"western\">\u00a0</p>\r\n<p align=\"justify\" class=\"western\"><span><span>A C\u00e2mara Municipal de </span></span><span><span>Montes Claros </span></span><span><span>ter\u00e1 uma agenda cheia de eventos nos pr\u00f3ximos dias, com audi\u00eancias p\u00fablicas e uma reuni\u00e3o ordin\u00e1ria programada para esta semana.<br /> A reuni\u00e3o ordin\u00e1ria da C\u00e2mara ser\u00e1 realizada \u00e0s 7h45 do dia 25 de fevereiro de 2025. </span></span></p>\r\n<p align=\"justify\" class=\"western\"><span><span>No dia 26 de fevereiro de 2025, \u00e0s 08h, ser\u00e1 realizada a Audi\u00eancia P\u00fablica para apresenta\u00e7\u00e3o da Presta\u00e7\u00e3o de Contas do 3\u00ba Quadrimestre do Exerc\u00edcio de 2024. A Prefeitura Municipal, por meio da Secretaria Municipal de Finan\u00e7as, ir\u00e1 detalhar a execu\u00e7\u00e3o or\u00e7ament\u00e1ria do munic\u00edpio, promovendo transpar\u00eancia na gest\u00e3o dos recursos p\u00fablicos e permitindo que a popula\u00e7\u00e3o acompanhe as finan\u00e7as municipais de forma clara.<br /> J\u00e1 no dia 27 de fevereiro de 2025, tamb\u00e9m \u00e0s 08h, a Comiss\u00e3o de Educa\u00e7\u00e3o </span></span><span><span>da Casa </span></span><span><span>promove uma audi\u00eancia p\u00fablica para debater sobre a presen\u00e7a de assistentes sociais e psic\u00f3logos na educa\u00e7\u00e3o. O tema ser\u00e1 \u201cNuclea\u00e7\u00e3o, desafios e valoriza\u00e7\u00e3o dos servi\u00e7os na Rede Municipal de Ensino\u201d. </span></span></p>\r\n<p align=\"justify\" class=\"western\"><span><span>A audi\u00eancia buscar\u00e1 discutir como esses profissionais podem contribuir ainda mais para a qualidade do ensino, abordando os desafios enfrentados e as poss\u00edveis melhorias para a categoria.</span></span></p>\r\n<p align=\"justify\" class=\"western\"><span><span>Confira a agenda completa &lt;</span></span><a href=\"https://www.montesclaros.mg.leg.br/event_listing?mode=future\"><span><span>AQUI</span></span></a><span><span>&gt;</span></span></p>\r\n<p align=\"justify\" class=\"western\"><span><span><br /> </span></span><em><span><span><span><span><span><span><span>_______________________________</span></span></span></span></span></span></span></em></p>\r\n<p align=\"left\" class=\"western\"><span><span><span><span><span><span><b>C\u00e2mara Municipal de Montes Claros</b></span></span></span></span></span></span><span><span><span><span><span><span><span><br /> Assessoria de Comunica\u00e7\u00e3o Social<br /> Contatos:(38) 3690-5504 | 3690-5506 \u2013</span></span></span></span></span></span></span><span><a href=\"mailto:ascom@montesclaros.mg.leg.br\" target=\"_self\"><span><span><span><span><span><span><span><span><span>ascom@montesclaros.mg.leg.br</span></span></span></span></span></span></span></span></span></a></span><span><span><span><span><span><span><span><br /> Facebook: </span></span></span></span></span></span></span><span><a href=\"http://www.facebook.com/camaramoc\" target=\"_blank\"><span><span><span><span><span><span><span><span><span>www.facebook.com/camaramoc</span></span></span></span></span></span></span></span></span></a></span><span><span><span><span><span><span><span><br /> Twitter: https</span></span></span></span></span></span></span><span><a href=\"https://twitter.com/camaramoc\" target=\"_blank\"><span><span><span><span><span><span><span><span><span>://twitter.com/camaramoc</span></span></span></span></span></span></span></span></span></a></span><span><span><span><span><span><span><span><br /> Instagram: www</span></span></span></span></span></span></span><span><a href=\"http://www.instagram.com/camaramoc\" target=\"_blank\"><span><span><span><span><span><span><span><span><span>.instagram.com/camaramoc</span></span></span></span></span></span></span></span></span></a></span><span><span><span><span><span><span><span><br /> </span></span></span></span></span></span></span><span><a href=\"https://montesclaros.mg.leg.br/\" target=\"_blank\"><span><span><span><span><span><span><span><span><span>https://montesclaros.mg.leg.br</span></span></span></span></span></span></span></span></span></a></span></p>\r\n<p align=\"justify\" class=\"western\">\u00a0</p>", "author_name": "", "version": "1.0", "author_url": "https://www.montesclaros.mg.leg.br/author/gisseleoliveira", "provider_name": "Montes Claros", "type": "rich"}