{"provider_url": "https://www.montesclaros.mg.leg.br", "title": "C\u00e2mara cobra reforma no Mercado Municipal", "html": "<p style=\"text-align: justify; \"><em>Por Christine Antonini</em></p>\r\n<p style=\"text-align: justify; \">Ap\u00f3s diversas reivindica\u00e7\u00f5es de comerciantes do Mercado Municipal Christo Raeff, a C\u00e2mara de Montes Claros promoveu, na manh\u00e3 desta quinta-feira (10/4), audi\u00eancia p\u00fablica para buscar melhorias para o local e a continua\u00e7\u00e3o da reforma que est\u00e1 paralisada h\u00e1 alguns anos. A proposta foi de iniciativa da vereadora Maria Helena Lopes (MDB).</p>\r\n<p style=\"text-align: justify; \">O mercado municipal \u00e9 um dos pontos tur\u00edsticos mais visitados pela popula\u00e7\u00e3o. Al\u00e9m de lazer, o local \u00e9 ponto para o fomento do agroneg\u00f3cio, incentivando a agricultura familiar e o microempreendedor.</p>\r\n<p style=\"text-align: justify; \">De acordo com a vereador Maria Helena, dentre as reclama\u00e7\u00f5es dos feirantes, est\u00e3o a necessidade de reforma do telhado, falta de climatizadores (os existentes est\u00e3o quebrados), reforma dos banheiros, circula\u00e7\u00e3o de ratos e pombos. Fatores que contribuem para que a mercadoria estrague mais r\u00e1pido e o local ficando insalubre.</p>\r\n<p style=\"text-align: justify; \">\u201cSabemos que a empresa que venceu a licita\u00e7\u00e3o desistiu da reforma. Queremos saber quais ser\u00e3o os pr\u00f3ximos passos que o prefeito Guilherme Guimar\u00e3es dar\u00e1 em rela\u00e7\u00e3o ao assunto. O mercado, al\u00e9m de ser um cart\u00e3o-postal da nossa cidade, \u00e9 a fonte de renda de muitas fam\u00edlias. Entretanto, comerciantes est\u00e3o desistindo de investir em seus neg\u00f3cios dentro do local\u201d, enfatizou a vereadora.</p>\r\n<p style=\"text-align: justify; \">O comerciante, Alpheu Freitas, denunciou a falta de seguran\u00e7a dentro do Mercado Christo Raeff. Segundo ele, os banheiros se tornaram ponto de comercializa\u00e7\u00e3o de drogas e recentemente, dois idosos foram assaltados.</p>\r\n<p style=\"text-align: justify; \">\u201cOutra coisa que falta s\u00e3o linhas de \u00f4nibus que fazem o trajeto para o mercado. Temos o ponto, mas n\u00e3o passa lota\u00e7\u00e3o. Dificultando a vida de quem faz suas compras; tendo que carregar at\u00e9 a Pra\u00e7a de Esportes, que \u00e9 onde tem o transporte p\u00fablico mais perto\u201d, ressaltou.</p>\r\n<p style=\"text-align: justify; \">Em 2022 foi anunciado cerca de R$ 770 mil para serem investidos no Mercado Municipal \u2013 recurso oriundo de um conv\u00eanio do munic\u00edpio com o Minist\u00e9rio do Turismo. Deputados tamb\u00e9m colocaram emendas parlamentares para ajudar nas obras.</p>\r\n<p style=\"text-align: justify; \">\u201cA licita\u00e7\u00e3o foi feita com duas empresas: a primeira realizou o servi\u00e7o e a segunda desistiu. Ent\u00e3o, estamos procurando alternativas para fazer os servi\u00e7os mais urgentes, como a reforma dos banheiros, que j\u00e1 foi autorizada pelo prefeito Guilherme Guimar\u00e3es\u201d, afirmou o secret\u00e1rio municipal de Infraestrutura, Vanderlino Silveira, que ainda destacou que o projeto de reforma est\u00e1 sendo refeito.</p>\r\n<p style=\"text-align: justify; \">Segundo o gerente do Mercado Municipal Christo Raeff, Marcos Moura, a necessidade de ter um local adequado n\u00e3o \u00e9 somente para os feirantes, como tamb\u00e9m para os frequentadores. Sendo que o mercado \u00e9 um ponto tur\u00edstico da cidade e faz parte da hist\u00f3ria de Montes Claros. O presidente do Sindcom\u00e9rcio, Adalberto Penido, pontuou que o mercado tem mais de 30 anos de funda\u00e7\u00e3o e n\u00e3o acompanhou a evolu\u00e7\u00e3o arquitet\u00f4nica ao longo dos anos. Houve apenas pequenos reparos que n\u00e3o foram suficientes para manter o local.</p>\r\n<p style=\"text-align: justify; \">\u201cO mercado deveria estar apto para receber turistas e o pr\u00f3prio povo montes-clarense. Temos grandes ind\u00fastrias na cidade e o investimento que est\u00e1 sendo feito nela \u2013 Montes Claros hoje \u00e9 uma pot\u00eancia comercial\u201d, disse o presidente.</p>\r\n<p style=\"text-align: justify; \">Ao final do evento, o secret\u00e1rio municipal de Acelera\u00e7\u00e3o Econ\u00f4mica, Glenn Andrade, concordou que a estrutura do mercado \u00e9 antiga e est\u00e1 prec\u00e1ria, sendo necess\u00e1ria uma grande reforma. Para isso, ele fez visitas em diversos mercados de cidades de grande porte, como Belo Horizonte e Florian\u00f3polis.</p>\r\n<p style=\"text-align: justify; \">\u00a0</p>\r\n<p align=\"justify\" class=\"western\"><span><span><em><span><span><span><span><span><span><span>_______________________________________</span></span></span></span></span></span></span></em></span></span></p>\r\n<p class=\"western\"><span><span><span><span><span><span><b><span>C\u00e2mara Municipal de Montes Claros</span></b></span></span></span></span></span></span><span><span><span><span><span><span><span><br /> Assessoria de Comunica\u00e7\u00e3o Social<br /> Contatos: (38) 3690-5504 | 3690-5506 \u2013</span></span></span></span></span></span></span><span><span><span><span><span><span><span><span><span><a href=\"mailto:ascom@montesclaros.mg.leg.br\" target=\"_self\">ascom@montesclaros.mg.leg.br</a></span></span></span></span></span></span></span></span></span><span><span><span><span><span><span><span><br /> Facebook:\u00a0</span></span></span></span></span></span></span><span><span><span><span><span><span><span><span><span><a href=\"http://www.facebook.com/camaramoc\" target=\"_blank\">www.facebook.com/camaramoc</a></span></span></span></span></span></span></span></span></span><span><span><span><span><span><span><span><br /> Twitter: https</span></span></span></span></span></span></span><span><span><span><span><span><span><span><span><span><a href=\"https://twitter.com/camaramoc\" target=\"_blank\">://twitter.com/camaramoc</a></span></span></span></span></span></span></span></span></span><span><span><span><span><span><span><span><br /> Instagram: www</span></span></span></span></span></span></span><span><span><span><span><span><span><span><span><span><a href=\"http://www.instagram.com/camaramoc\" target=\"_blank\">.instagram.com/camaramoc</a></span></span></span></span></span></span></span></span></span><span><span><span><span><span><span><span><br /> </span></span></span></span></span></span></span><span><span><span><span><span><span><span><span><span><a href=\"https://montesclaros.mg.leg.br/\" target=\"_blank\">https://montesclaros.mg.leg.br</a></span></span></span></span></span></span></span></span></span></p>\r\n<p style=\"text-align: justify; \"><br /> </p>", "author_name": "", "version": "1.0", "author_url": "https://www.montesclaros.mg.leg.br/author/cristine", "provider_name": "Montes Claros", "type": "rich"}