{"provider_url": "https://www.montesclaros.mg.leg.br", "title": "C\u00e2mara cobra reativa\u00e7\u00e3o de leitos do HU", "html": "<p align=\"justify\" class=\"western\"><span>Por Gissele Niza</span></p>\r\n<p align=\"justify\" class=\"western\">\u00a0</p>\r\n<p align=\"justify\" class=\"western\">A reativa\u00e7\u00e3o imediata dos 37 leitos do Hospital Universit\u00e1rio Clemente de Faria foi discutida pela C\u00e2mara de Vereadores em reuni\u00e3o na manh\u00e3 desta segunda-feira (08), com o reitor da Universidade Estadual de Montes Claros \u2013 Unimontes, Wagner Santiago e o vice-reitor Dalton Caldeira.</p>\r\n<p align=\"justify\" class=\"western\">O presidente da Casa, vereador Junior Martins (Cidadania) destacou a import\u00e2ncia da uni\u00e3o de for\u00e7as para solucionar o problema. \u201cN\u00f3s estamos trabalhando para recuperar os leitos que Montes Claros e o Norte de Minas perderam no hospital\u201d, afirmou o presidente.</p>\r\n<p align=\"justify\" class=\"western\">Para a vice-presidente da C\u00e2mara, vereadora Maria Helena Lopes (MDB), s\u00e3o necess\u00e1rias a\u00e7\u00f5es imediatas para o resgate dos leitos. <span><span>\u201cEstivemos em Belo Horizonte com o secret\u00e1rio de Estado de Sa\u00fade, F\u00e1bio Baccheretti, que nos garantiu que ir\u00e1 se reunir com o governador Romeu Zema para juntos vencermos essa luta\u201d, declarou Maria Helena. </span></span></p>\r\n<p align=\"justify\" class=\"western\">\u00a0<span>\u00a0</span></p>\r\n<p align=\"center\" class=\"western\" style=\"text-align: left; \"><span><span>_______________________________</span></span></p>\r\n<p align=\"center\" class=\"western\" style=\"text-align: left; \"><b>C\u00e2mara Municipal de Montes Claros</b></p>\r\n<p align=\"center\" class=\"western\" style=\"text-align: left; \"><span><span><span><span><span><span><span> Assessoria de Comunica\u00e7\u00e3o Social<br /> Contatos:(38) 3690-5504 | 3690-5506 \u2013</span></span></span></span></span></span></span><span><span><span><span><span><span><span><span><span><a href=\"mailto:ascom@montesclaros.mg.leg.br\" target=\"_self\">ascom@montesclaros.mg.leg.br</a></span></span></span></span></span></span></span></span></span><span><span><span><span><span><span><span><br /> Facebook\u00a0</span></span></span></span></span></span></span><span><span><span><span><span><span><span><span><span><a href=\"http://www.facebook.com/camaramoc\" target=\"_blank\">www.facebook.com/camaramoc</a></span></span></span></span></span></span></span></span></span><span><span><span><span><span><span><span><br /> Twitter:</span></span></span></span></span></span></span><span><span><span><span><span><span><span><span><span><a href=\"https://twitter.com/camaramoc\" target=\"_blank\">https://twitter.com/camaramoc</a></span></span></span></span></span></span></span></span></span><span><span><span><span><span><span><span><br /> Instagram:</span></span></span></span></span></span></span><span><span><span><span><span><span><span><span><span><a href=\"http://www.instagram.com/camaramoc\" target=\"_blank\">www.instagram.com/camaramoc</a></span></span></span></span></span></span></span></span></span><span><span><span><span><span><span><span><br /> </span></span></span></span></span></span></span><span><span><span><span><span><span><span><span><span><a href=\"https://montesclaros.mg.leg.br/\" target=\"_blank\">https://montesclaros.mg.leg.</a></span></span></span></span></span></span></span></span></span></p>\r\n<p align=\"center\" class=\"western\" style=\"text-align: left; \">\u00a0</p>\r\n<p align=\"justify\" class=\"western\" style=\"text-align: left; \">\u00a0</p>\r\n<p align=\"justify\" class=\"western\" style=\"text-align: left; \">\u00a0</p>", "author_name": "", "version": "1.0", "author_url": "https://www.montesclaros.mg.leg.br/author/gisseleoliveira", "provider_name": "Montes Claros", "type": "rich"}