{"provider_url": "https://www.montesclaros.mg.leg.br", "title": "C\u00e2mara celebra Dezembro Verde", "html": "<p style=\"text-align: justify; \"><span>Por Christine Antonini</span></p>\r\n<p style=\"text-align: justify; \"><br />A C\u00e2mara Municipal de Montes Claros promove na segunda-feira (16/12), sess\u00e3o especial para homenagear a Escola Estadual Professora Dulce Sarmento pelos 60 anos de funda\u00e7\u00e3o. O evento, de autoria do vereador Daniel Dias (PCdoB), come\u00e7a \u00e0s 19h.</p>\r\n<p style=\"text-align: justify; \">Al\u00e9m de requerimentos, 23 projetos est\u00e3o na Ordem do Dia da sess\u00e3o ordin\u00e1ria de ter\u00e7a-feira (17/12) \u2013 todos s\u00e3o de iniciativa do Legislativo. A reuni\u00e3o come\u00e7a \u00e0s 7h45.\u00a0</p>\r\n<p style=\"text-align: justify; \">Em celebra\u00e7\u00e3o ao Dezembro Verde, m\u00eas dedicado ao combate de maus-tratos e abandono de animais, a Casa Legislativa homenagear\u00e1 a ativista Isabel Leandra de Assis Cordeiro. Isabel abra\u00e7ou a causa animal ap\u00f3s seu cachorro (Chimbinha), ter sido diagnosticado erroneamente e consequentemente perdeu a perna e ficou cego de um olho. A lei (n\u00b05.416/2023), que deu origem ao Dezembro Verde, bem como a homenagem s\u00e3o de iniciativa da vereadora Ceci Protetora (PRD). O evento inicia \u00e0s 19h.</p>\r\n<p style=\"text-align: justify; \"><br />Confira a agenda completa &lt;<a title=\"\" href=\"https://www.montesclaros.mg.leg.br/institucional/eventos\" class=\"external-link\" target=\"_self\">AQUI</a>&gt;</p>\r\n<p style=\"text-align: justify; \">\u00a0</p>\r\n<p><span>_____________________________</span></p>\r\n<p><strong>C\u00e2mara Municipal de Montes Claros</strong><br />Assessoria de Comunica\u00e7\u00e3o Social<br />Contatos:(38) 3690-5504 | 3690-5506 \u2013 ascom@montesclaros.mg.leg.br<br />Facebook: www.facebook.com/camaramoc\u00a0<br />Twitter: https://twitter.com/camaramoc<br />Instagram: www.instagram.com/camaramoc<br />Site: https://montesclaros.mg.leg.br</p>", "author_name": "", "version": "1.0", "author_url": "https://www.montesclaros.mg.leg.br/author/mariana.vitorino", "provider_name": "Montes Claros", "type": "rich"}