{"provider_url": "https://www.montesclaros.mg.leg.br", "title": "C\u00e2mara celebra 20 anos do Dia das M\u00e3es", "html": "<p style=\"text-align: justify; \"><span><span><span><span>Por St\u00eanio Aguiar</span></span></span></span></p>\r\n<p style=\"text-align: justify; \">\u00a0</p>\r\n<p style=\"text-align: justify; \"><span><span><span><span>A C\u00e2mara </span></span></span><span><span><span>de Montes Claros</span></span></span><span><span><span> </span></span></span><span><span><span>realizou sess\u00e3o solene nesta quinta-feira (9/5) em comemora\u00e7\u00e3o aos 20 anos do Dia das M\u00e3es. </span></span></span><span><span><span>Foram homenageadas </span></span></span><span><span><span>2</span></span></span><span><span><span>3</span></span></span><span><span><span> mulheres com o diploma Am\u00e9rica Eleut\u00e9rio Nogueira </span></span></span><span><span><span>e, que foram,</span></span></span><span><span><span> indicadas pelos vereadores.</span></span></span></span></p>\r\n<p style=\"text-align: justify; \"><span><span><span><span>A solenidade foi </span></span></span><span><span><span>conduzida</span></span></span><span><span><span> pelo presidente da Casa </span></span></span><span><span><span>legislativa,</span></span></span><span><span><span> J</span></span></span><span><span><span>u</span></span></span><span><span><span>nior Martins (</span></span></span><span><span><span>PP</span></span></span><span><span><span>), </span></span></span><span><span><span>autor da proposi\u00e7\u00e3o, </span></span></span><span><span><span>quando solicitou</span></span></span><span><span><span> um minuto de sil\u00eancio </span></span></span><span><span><span>em decorr\u00eancia do falecimento, na quarta-feira (8), da senhora</span></span></span><span><span><span> Maria de F\u00e1tima Gon\u00e7alves de Oliveira, </span></span></span><span><span><span>que seria</span></span></span><span><span><span> homenageada </span></span></span><span><span><span>por ele na solenidade.</span></span></span></span></p>\r\n<p style=\"text-align: justify; \"><span><span><span><span>O p</span></span></span><span><span><span>residente</span></span></span><span><span><span> </span></span></span><span><span><span>falou sobre a import\u00e2ncia da homenagem prestada pelo Parlamento </span></span></span><span><span><span>a todas as m\u00e3es </span></span></span><span><span><span>lembrando</span></span></span><span><span><span> do </span></span></span><span><span><span>ano de 2017, </span></span></span><span><span><span>em </span></span></span><span><span><span>seu primeiro ano como vereador, quando homenage</span></span></span><span><span><span>ou a</span></span></span><span><span><span> sua m\u00e3e.</span></span></span></span></p>\r\n<p style=\"text-align: justify; \"><span><span><span><span>A </span></span></span><span><span><span>vice-presidente da Casa, Maria Helena saudou as homenageadas </span></span></span><span><span><span>e falou sobre o mist\u00e9rio de gerar a vida e do ser m\u00e3e. \u201c</span></span></span><span><span><span>A primeira morada de Jesus foi o ventre de Maria. Para n\u00f3s vereadores \u00e9 uma honra apresentar para a sociedade, mulheres e m\u00e3es que </span></span></span><span><span><span>fizeram e </span></span></span><span><span><span>fazem a diferen\u00e7a em </span></span></span><span><span><span>M</span></span></span><span><span><span>ontes Claros\u201d, comentou.</span></span></span></span></p>\r\n<p style=\"text-align: justify; \"><span><span><span><span>Em nome das homenageadas, </span></span></span><span><span><span>Geani Barbosa de Oliveira Freitas</span></span></span><span><span><span>, </span></span></span><span><span><span>citou</span></span></span><span><span><span> </span></span></span><span><span><span>que ser m\u00e3e \u00e9 um ato de coragem e entrega total. </span></span></span><span><span><span>Ressaltou que o diploma \u00e9 um tributo a todas as m\u00e3es de Montes Claros que diariamente equilibram m\u00faltiplas responsabilidades. \u201cEste pr\u00eamio celebra a luta e a for\u00e7a de todas as m\u00e3es que geraram, m\u00e3es que adotaram, m\u00e3es av\u00f3s e todas as magn\u00edficas formas em que a maternidade se manifesta.</span></span></span></span></p>\r\n<p style=\"text-align: justify; \">\u00a0</p>\r\n<p style=\"text-align: justify; \"><strong>Homenagem</strong></p>\r\n<p style=\"text-align: justify; \"><span><span>O diploma \u2018Professora Am\u00e9rica Eleut\u00e9rio Nogueira\u2019, surgiu a partir de proposi\u00e7\u00e3o do ent\u00e3o vereador Jos\u00e9 Faquir que consolidou na Resolu\u00e7\u00e3o 14, de 25 de maio de 2004. </span><span>A comenda passou a ser entregue anualmente em sess\u00e3o solene em comemora\u00e7\u00e3o ao Dia das M\u00e3es, na qual cada vereador indica uma m\u00e3e para ser homenageada. </span><span>Veja a lista das h</span><span>omenageadas <a href=\"https://www.montesclaros.mg.leg.br/institucional/eventos/homenagem-ao-dia-das-maes\">&lt;</a></span><a href=\"https://www.montesclaros.mg.leg.br/institucional/eventos/homenagem-ao-dia-das-maes\"><span>AQUI&gt;</span></a></span></p>\r\n<p style=\"text-align: justify; \"><span><span><br /></span></span></p>\r\n<p align=\"justify\" class=\"western\"><span><span><span><span><span><span><span>_______________________________</span></span></span></span></span></span></span></p>\r\n<p class=\"western\"><span><span><span><span><span><span><b>C\u00e2mara Municipal de Montes Claros</b></span></span></span></span></span></span><span><span><span><span><span><span><span><br /> Assessoria de Comunica\u00e7\u00e3o Social<br /> Contatos:(38) 3690-5504 | 3690-5506 \u2013</span></span></span></span></span></span></span><span><a href=\"mailto:ascom@montesclaros.mg.leg.br\" target=\"_self\"><span><span><span><span><span><span><span><span><span>ascom@montesclaros.mg.leg.br</span></span></span></span></span></span></span></span></span></a></span><span><span><span><span><span><span><span><br /> Facebook</span></span></span></span></span></span></span><span><a href=\"http://www.facebook.com/camaramoc\" target=\"_blank\"><span><span><span><span><span><span><span><span><span>www.facebook.com/camaramoc</span></span></span></span></span></span></span></span></span></a></span><span><span><span><span><span><span><span><br /> Twitter: https</span></span></span></span></span></span></span><span><a href=\"https://twitter.com/camaramoc\" target=\"_blank\"><span><span><span><span><span><span><span><span><span>://twitter.com/camaramoc</span></span></span></span></span></span></span></span></span></a></span><span><span><span><span><span><span><span><br /> Instagram: www</span></span></span></span></span></span></span><span><a href=\"http://www.instagram.com/camaramoc\" target=\"_blank\"><span><span><span><span><span><span><span><span><span>.instagram.com/camaramoc</span></span></span></span></span></span></span></span></span></a></span><span><span><span><span><span><span><span><br /> </span></span></span></span></span></span></span><span><a href=\"https://montesclaros.mg.leg.br/\" target=\"_blank\"><span><span><span><span><span><span><span><span><span>https://montesclaros.mg.leg.br</span></span></span></span></span></span></span></span></span></a></span></p>\r\n<p style=\"text-align: justify; \"><span><span><br /></span></span></p>", "author_name": "", "version": "1.0", "author_url": "https://www.montesclaros.mg.leg.br/author/stenio", "provider_name": "Montes Claros", "type": "rich"}