{"provider_url": "https://www.montesclaros.mg.leg.br", "title": "Vereadores aprovam vinte requerimentos", "html": "<p align=\"left\" class=\"western\" style=\"text-align: justify; \"><em>Por Gissele Niza </em></p>\r\n<p align=\"left\" class=\"western\" style=\"text-align: justify; \">\u00a0</p>\r\n<p align=\"justify\" class=\"western\" style=\"text-align: justify; \"><span><span> Na reuni\u00e3o desta ter\u00e7a-feira (25/02) da C\u00e2mara Municipal de Montes Claros, 20 requerimentos foram aprovados, abordando quest\u00f5es essenciais para a melhoria da infraestrutura, sa\u00fade, educa\u00e7\u00e3o e seguran\u00e7a da cidade. </span></span></p>\r\n<p align=\"justify\" class=\"western\" style=\"text-align: justify; \"><span><span> A infraestrutura urbana foi um dos temas mais discutidos, com requerimentos como os do vereador Cris\u00f3stomo da Minas Brasil (UB), que solicitou a revitaliza\u00e7\u00e3o de um c\u00f3rrego no Bairro Vila Sion, e o vereador Ailton do Vilage (MDB), que pediu a constru\u00e7\u00e3o de uma pista de caminhada na Av. 200, entre os bairros Jaragu\u00e1 II e Village I. </span></span></p>\r\n<p align=\"justify\" class=\"western\" style=\"text-align: justify; \"><span><span> O vereador Marcos Nem (PODE) tamb\u00e9m requereu a instala\u00e7\u00e3o de uma lixeira comunit\u00e1ria na comunidade de Santa Rita de Mandacaru, enquanto o vereador Marlus do Independ\u00eancia (PSD) prop\u00f4s a instala\u00e7\u00e3o de um sem\u00e1foro para pedestres na Avenida Independ\u00eancia </span></span><span><span>no cruzamento com a rua Belize</span></span><span><span>.</span></span></p>\r\n<p align=\"justify\" class=\"western\" style=\"text-align: justify; \"><span><span> </span></span><span><span>A vereadora Maria Helena Lopes (MDB) cobrou a </span></span><span><span>reforma da ponte que liga o Rio Pacu\u00ed, divisa de Montes Claros </span></span><span><span>e</span></span><span><span> S\u00e3o Jo\u00e3o da Lagoa, </span></span><span><span>enquanto o vereador Odair Ferreira (UB) </span></span><span><span>requereu </span></span><span><span>a aquisi\u00e7\u00e3o de banheiros qu\u00edmicos para todas as feirinhas realizadas na cidade.</span></span></p>\r\n<p align=\"justify\" class=\"western\" style=\"text-align: justify; \"><span><span> \u00c0 concession\u00e1ria ECO 135, o vereador Igor Dias (PRD) solicitou informa\u00e7\u00f5es sobre a implementa\u00e7\u00e3o da automa\u00e7\u00e3o da cobran\u00e7a nas pra\u00e7as de ped\u00e1gio, sem a utiliza\u00e7\u00e3o da m\u00e3o de obra humana. J\u00e1 o vereador Raimundo do INSS (PDT) requereu um estudo de viabilidade t\u00e9cnica para reconstru\u00e7\u00e3o de lombada, coloca\u00e7\u00e3o de placa de sinaliza\u00e7\u00e3o e ilumina\u00e7\u00e3o em poste de luz, localizados na Rua Boa Esperan\u00e7a, em frente a casa 860 B, bairro Santa Rita II.</span></span></p>\r\n<p align=\"justify\" class=\"western\" style=\"text-align: justify; \"><span><span> A celeridade das obras do pr\u00e9dio onde funcionava o Col\u00e9gio Tiradentes, localizado na rua Camilo Prates, n\u00ba 351, esquina com rua Dom Jo\u00e3o Pimenta, foi cobrada pela vereadora Gra\u00e7a da Casa do Motor (UB). O vereador Eldair Samambaia (PSD) pediu a</span></span><span> instala\u00e7\u00e3o de redutores de velocidade ou controles de velocidade eletr\u00f4nicos na MGT-135 na estrada do acesso para a Comunidade de Camarinhas.</span></p>\r\n<p align=\"justify\" class=\"western\" style=\"text-align: justify; \"><b>Sa\u00fade</b></p>\r\n<p align=\"justify\" class=\"western\" style=\"text-align: justify; \"><span>A \u00e1rea da sa\u00fade tamb\u00e9m foi contemplada, com o requerimento da vereadora Carol Figueiredo (PL), que solicitou melhorias na infraestrutura da ESF Renascen\u00e7a. Al\u00e9m disso, a vereadora Ceci Protetora (PRD) sugeriu a instala\u00e7\u00e3o de tendas de hidrata\u00e7\u00e3o e fornecimento de \u00e1gua pot\u00e1vel durante o carnaval de rua, visando garantir a seguran\u00e7a dos foli\u00f5es.</span></p>\r\n<p align=\"justify\" class=\"western\" style=\"text-align: justify; \"><b>Educa\u00e7\u00e3o</b></p>\r\n<p align=\"justify\" class=\"western\" style=\"text-align: justify; \"><span><span>A educa\u00e7\u00e3o foi outro tema relevante. A vereadora Professora Iara Pimentel (PT) solicitou garantias para a carga hor\u00e1ria dos servidores da educa\u00e7\u00e3o municipal e, junto com o vereador Rodrigo Cadeirante (UB) a regulamenta\u00e7\u00e3o </span></span><span><span>da distribui\u00e7\u00e3o da carga hor\u00e1ria dos professores da rede municipal que possuem </span></span><span><span>jornada </span></span><span><span>interior</span></span><span><span> a 40 horas semanais.</span></span></p>\r\n<p align=\"center\" class=\"western\" style=\"text-align: justify; \"><span><span><b>Seguran\u00e7a</b></span></span></p>\r\n<p align=\"center\" class=\"western\" style=\"text-align: justify; \"><span><span><b></b></span></span><span>Na \u00e1rea da seguran\u00e7a, o vereador Wilton Dias (Avante) pediu a instala\u00e7\u00e3o de c\u00e2meras de monitoramento na entrada da comunidade Vale dos Ip\u00eas, enquanto o vereador Cl\u00e1udio Rodrigues (Cidadania) cobrou um estudo sobre a cria\u00e7\u00e3o de um seguro de vida para servidores municipais, especialmente os que trabalham em fun\u00e7\u00f5es de risco.</span></p>\r\n<p align=\"justify\" class=\"western\" style=\"text-align: justify; \"><b>Esporte</b></p>\r\n<p align=\"center\" class=\"western\" style=\"text-align: justify; \"><span>Pelo esporte, o vereador PC Landim (Avante) cobrou o envio do anteprojeto de lei que Institui o Programa Bolsa Atleta Municipal ao Executivo e \u00e0 a secretaria Secret\u00e1ria de Esporte, Lazer e Juventude. O vereador Eduardo Preto (Pode) solicitou a constru\u00e7\u00e3o de uma quadra poliesportiva na Pra\u00e7a do Conjunto Residencial Vit\u00f3ria II.</span></p>\r\n<p align=\"justify\" class=\"western\" style=\"text-align: justify; \">\u00a0<b>Meio ambiente</b></p>\r\n<p align=\"justify\" class=\"western\" style=\"text-align: justify; \"><span>O vereador Soter Magno (PSD) pediu para seja encaminhado ao Executivo o anteprojeto de lei que institui o Programa IPTU Verde no munic\u00edpio.</span></p>\r\n<p align=\"justify\" class=\"western\"><em><span><span><span><span><span><span><span>_______________________________</span></span></span></span></span></span></span></em></p>\r\n<p align=\"left\" class=\"western\"><span><span><span><span><span><span><b>C\u00e2mara Municipal de Montes Claros</b></span></span></span></span></span></span><span><span><span><span><span><span><span><br /> Assessoria de Comunica\u00e7\u00e3o Social<br /> Contatos:(38) 3690-5504 | 3690-5506 \u2013</span></span></span></span></span></span></span><span><a href=\"mailto:ascom@montesclaros.mg.leg.br\" target=\"_self\"><span><span><span><span><span><span><span><span><span>ascom@montesclaros.mg.leg.br</span></span></span></span></span></span></span></span></span></a></span><span><span><span><span><span><span><span><br /> Facebook: </span></span></span></span></span></span></span><span><a href=\"http://www.facebook.com/camaramoc\" target=\"_blank\"><span><span><span><span><span><span><span><span><span>www.facebook.com/camaramoc</span></span></span></span></span></span></span></span></span></a></span><span><span><span><span><span><span><span><br /> Twitter: https</span></span></span></span></span></span></span><span><a href=\"https://twitter.com/camaramoc\" target=\"_blank\"><span><span><span><span><span><span><span><span><span>://twitter.com/camaramoc</span></span></span></span></span></span></span></span></span></a></span><span><span><span><span><span><span><span><br /> Instagram: www</span></span></span></span></span></span></span><span><a href=\"http://www.instagram.com/camaramoc\" target=\"_blank\"><span><span><span><span><span><span><span><span><span>.instagram.com/camaramoc</span></span></span></span></span></span></span></span></span></a></span><span><span><span><span><span><span><span><br /> </span></span></span></span></span></span></span><span><a href=\"https://montesclaros.mg.leg.br/\" target=\"_blank\"><span><span><span><span><span><span><span><span><span>https://montesclaros.mg.leg.br</span></span></span></span></span></span></span></span></span></a></span></p>", "author_name": "", "version": "1.0", "author_url": "https://www.montesclaros.mg.leg.br/author/gisseleoliveira", "provider_name": "Montes Claros", "type": "rich"}