{"provider_url": "https://www.montesclaros.mg.leg.br", "title": "C\u00e2mara aprova todos os projetos em pauta", "html": "<p style=\"text-align: justify; \">POR CHRISTINE ANTONINI</p>\r\n<p style=\"text-align: justify; \">Durante a sess\u00e3o ordin\u00e1ria da C\u00e2mara de Montes desta quinta-feira (14) todos os projetos em pauta foram aprovados. As propostas, votadas em bloco, s\u00e3o de iniciativa do Legislativo Municipal e concedem honrarias \u00e0s pessoas que prestam relevantes servi\u00e7os para a popula\u00e7\u00e3o.<br /><br />De iniciativa do vereador Reinaldo Carrapicho (PRB), o projeto (n\u00b031/2021), concede T\u00edtulo de Cidad\u00e3 Benem\u00e9rita de Montes Claros a m\u00e9dica Ariadna Borges Muniz. Esse ano, a m\u00e9dica completa 30 anos de carreira, destes, 22 atua na oftalmologia.<br /><br />O projeto (n\u00b032/2021), de autoria da vereadora Ceci Protetora (PP), concede T\u00edtulo de Cidad\u00e3 Honor\u00e1ria a M\u00e1rcia Valadares Magalh\u00e3es, que dedica parte do seu tempo \u00e0 causa animal. A preocupa\u00e7\u00e3o com a vida animal, em especial dos animais dom\u00e9sticos, tem sido uma constante na vida da homenageada que h\u00e1 mais de 30 anos presta essa caridade.<br /><br />Atrav\u00e9s do vereador Marcos Nem (PSD), o projeto (n\u00b033/2021), concede T\u00edtulo de Cidad\u00e3o Honor\u00e1rio ao suplente de senador Alexandre Silveira, que hoje responde pela chefia de gabinete do presidente do Senado Rodrigo Pacheco. O homenageado tamb\u00e9m \u00e9 delegado de pol\u00edcia e presidente do PSD-MG.<br /><br /></p>\r\n<p align=\"justify\" style=\"text-align: justify; \"><span><span><span><span><span><span><span>________________________________________</span><br /><span>C\u00e2mara Municipal de Montes Claros</span><br /><span>Assessoria de Comunica\u00e7\u00e3o Social</span><br /><span>Contatos:(38) 3690-5504 | 3690-5506 \u2013\u00a0</span><a href=\"http://ascom@montesclaros.mg.leg.br/\" target=\"_blank\"><span>ascom@montesclaros.mg.leg.br</span></a><br /><span>Facebook:</span><a target=\"_blank\"><span>\u00a0www.facebook.com/camaramoc</span></a><br /><span>Twitter:\u00a0</span><a href=\"https://twitter.com/camaramoc\" target=\"_blank\"><span>https://twitter.com/camaramoc</span></a><br /><span>Instagram:\u00a0</span><a href=\"https://twitter.com/camaramoc\" target=\"_blank\"><span>www.instagram.com/camaramoc</span></a><br /><a href=\"https://www.montesclaros.mg.leg.br/\" target=\"_self\"><span>https://montesclaros.mg.leg.br</span></a></span></span></span></span></span></span></p>\r\n<p style=\"text-align: justify; \"><br /><br /></p>", "author_name": "", "version": "1.0", "author_url": "https://www.montesclaros.mg.leg.br/author/cristine", "provider_name": "Montes Claros", "type": "rich"}