{"provider_url": "https://www.montesclaros.mg.leg.br", "title": "C\u00e2mara aprova sete requerimentos", "html": "<p>Por Selma Gon\u00e7alves</p>\r\n<p>\u00a0<span>Em sess\u00e3o ordin\u00e1ria nesta ter\u00e7a-feira (31) os vereadores aprovaram sete requerimentos e pediram vista de tr\u00eas projetos apresentados para melhor an\u00e1lise. Os mesmos dever\u00e3o entrar em pauta na pr\u00f3xima sess\u00e3o ordin\u00e1ria.</span></p>\r\n<p align=\"justify\"><span>Entre os requerimentos aprovados, a solicita\u00e7\u00e3o do vereador Rodrigo Cadeirante (Rede) </span><span>para realiza\u00e7\u00e3o de a</span><span>udi\u00eancia P\u00fablica no dia 22 de junho, \u00e0s 19h30. </span><span>O objetivo </span><span>e</span><span> discutir </span><span>o que ele considera </span><span>distor\u00e7\u00f5es verificadas na operacionaliza\u00e7\u00e3o do transporte p\u00fablico pelo Cons\u00f3rcio MocBus, especialmente no que diz respeito ao servi\u00e7o de </span><span>t</span><span>ranspecial </span><span>(ve\u00edculo de transporte exclusivo de pessoas com defici\u00eancia).</span></p>\r\n<p align=\"justify\">De acordo com o vereador v\u00e1rias reclama\u00e7\u00f5es e den\u00fancias de usu\u00e1rios do transpecial chegaram \u00e0 C\u00e2mara. Rodrigo Cadeirante explicou que uma das den\u00fancias \u00e9 redu\u00e7\u00e3o no n\u00famero de ve\u00edculos que atendem essa demanda. Pelo contrato com a prefeitura deveriam ser 10 ve\u00edculos mas, hoje, atuam apenas seis, sendo dois de reserva e, segundo o vereador, por motivo de liminar, mais um foi retirado ficando em circula\u00e7\u00e3o apenas tr\u00eas ve\u00edculos.</p>\r\n<p align=\"justify\"><span>Os demais requerimentos foram na \u00e1rea de infraestrutura. O v</span><span>ereador Cl\u00e1udio Rodrigues Solicit</span><span>ou</span><span> estudo para desapropria\u00e7\u00e3o do im\u00f3vel situado \u00e0 Rua Eduardo de Almeida, N\u00b0190, bairro Delfino Magalh\u00e3es, para abertura do acesso \u00e0 Rua Roque Ferreira Pimenta (antiga Rua C).</span></p>\r\n<p align=\"justify\"><span>Odair Ferreira </span><span>(SD)</span><span> Solicit</span><span>ou</span><span> a revitaliza\u00e7\u00e3o e reforma na Pra\u00e7a S\u00e3o Sebasti\u00e3o, situada na Avenida das Am\u00e9ricas, no bairro Dr. Jo\u00e3o Alves.</span></p>\r\n<p align=\"justify\"><span>O </span><span>v</span><span>ereador Daniel Dias </span><span>(PCdoB)</span><span> Solicit</span><span>ou</span><span> a cobertura quadra de esportes localizada na Avenida A, no bairro Portal dos Ip\u00eas.</span></p>\r\n<p align=\"justify\"><span>Le\u00e3ozinho </span><span>(</span><span>P</span><span>atriota) cobrou a </span><span>capina e poda de toda a \u00e1rea do Parque Jardim Ol\u00edmpico, bem como a ilumina\u00e7\u00e3o da \u00e1rea.</span></p>\r\n<p align=\"justify\"><span>Vereador </span><span>Edm\u00edlson</span><span> Bispo </span><span>(PSD) s</span><span>olicit</span><span>ou</span><span> a constru\u00e7\u00e3o de uma ponte na Rua Aracaju, no bairro Santo Ant\u00f4nio I, fazendo liga\u00e7\u00e3o com o bairro Santo Ant\u00f4nio II.</span></p>\r\n<p align=\"justify\"><span>Elair Gomes </span><span>(MDB) cobrou</span><span> a extens\u00e3o de rede el\u00e9trica na Rua Seis, do n\u00ba 41 ao 71, no bairro Jardim Primavera.</span></p>\r\n<p align=\"justify\"><span><br /></span></p>\r\n<p align=\"justify\"><span>____________________________________</span></p>\r\n<p class=\"western\"><span><span><span><span><span><span><span><b>C\u00e2mara Municipal de Montes Claros</b></span></span></span></span></span></span></span><span><br /></span><span>Assessoria de Comunica\u00e7\u00e3o Social</span><span><br /></span><span>Contatos:(38) 3690-5504 | 3690-5506 \u2013\u00a0</span><span><span><span><span><span><span><span><span><span><a class=\"western\" href=\"mailto:ascom@montesclaros.mg.leg.br\" target=\"_self\">ascom@montesclaros.mg.leg.br</a></span></span></span></span></span></span></span></span></span><span><br /></span><span>Facebook:\u00a0</span><span>www.facebook.com/camaramoc</span><span><br /></span><span>Twitter:</span><span><span><span><span><span><span><span><span><span><a class=\"western\" href=\"https://twitter.com/camaramoc\" target=\"_blank\">\u00a0https://twitter.com/camaramoc</a></span></span></span></span></span></span></span></span></span><span><br /></span><span>Instagram:\u00a0</span><span>www.instagram.com/camaramoc</span><span><br /></span><span><span><span><span><span><span><span><span><span><span><a class=\"western\" href=\"https://montesclaros.mg.leg.br/\" target=\"_blank\">https://montesclaros.mg.leg.br</a></span></span></span></span></span></span></span></span></span></span></p>\r\n<div><span><span><span><span><span><span><span><span><span><br /></span></span></span></span></span></span></span></span></span></div>\r\n<p align=\"justify\"><span><br /></span></p>\r\n<p align=\"justify\"><strong>\u00a0</strong></p>\r\n<p align=\"justify\">\u00a0</p>", "author_name": "", "version": "1.0", "author_url": "https://www.montesclaros.mg.leg.br/author/selma", "provider_name": "Montes Claros", "type": "rich"}