{"provider_url": "https://www.montesclaros.mg.leg.br", "title": "C\u00e2mara aprova projetos e requerimentos ", "html": "<p align=\"justify\" class=\"western\"><span>Por Gissele Niza </span></p>\r\n<p align=\"justify\" class=\"western\">\u00a0</p>\r\n<p align=\"justify\" class=\"western\"><span>Em reuni\u00e3o ordin\u00e1ria nesta ter\u00e7a-feira (18), a C\u00e2mara Municipal de Montes Claros aprovou dois projetos e oito requerimentos. O projeto de resolu\u00e7\u00e3o 23/2024, de autoria da Mesa Diretora, outorga ao m\u00e9dico e ex-prefeito de Montes Claros, Athos Avelino Pereira, a Medalha Ivan Jos\u00e9 Lopes de Honra Montes Claros, traduzindo o reconhecimento da Casa Legislativa pelos relevantes servi\u00e7os prestados ao nosso munic\u00edpio, contribuindo sobremaneira para o nosso progresso e desenvolvimento. A solenidade de entrega da medalha acontecer\u00e1 no pr\u00f3ximo dia 3 de julho, dia que se comemora o anivers\u00e1rio da cidade. </span></p>\r\n<p align=\"justify\" class=\"western\"><span>J\u00e1 o projeto de lei complementar 09/2024, do Executivo Municipal, altera as atribui\u00e7\u00f5es dos cargos de assistente social, auxiliar de doc\u00eancia, analista de sistemas, engenheiro de Seguran\u00e7a do trabalho e m\u00e9dico com Resid\u00eancia em Sa\u00fade da Fam\u00edlia, instrutor de libras e int\u00e9rprete de libras, pedagogo, e a carga hor\u00e1ria do cargo de T\u00e9cnico em Radiologia. O objetivo \u00e9 promover adequa\u00e7\u00e3o nas atribui\u00e7\u00f5es, requisitos de investidura e corre\u00e7\u00e3o da carga hor\u00e1ria de cargos da estrutura funcional do munic\u00edpio, al\u00e9m de possibilitar a realiza\u00e7\u00e3o de concursos p\u00fablicos. O projeto foi aprovado em regime de urg\u00eancia pelos vereadores. </span></p>\r\n<p align=\"justify\" class=\"western\"><b>Audi\u00eancia p\u00fablica</b></p>\r\n<p align=\"justify\" class=\"western\"><span>Entre os requerimentos aprovados est\u00e1 o de </span><span>n\u00ba 248/2024, das comiss\u00f5es de Finan\u00e7as, Or\u00e7amento e Tomada de Contas, e de Legisla\u00e7\u00e3o Justi\u00e7a e Reda\u00e7\u00e3o, que solicita a realiza\u00e7\u00e3o de audi\u00eancia p\u00fablica, no dia 27 de junho, \u00e0s 8h, para debater o substitutivo ao Projeto de Lei n\u00b0 99/2024, que disp\u00f5e sobre as diretrizes para elabora\u00e7\u00e3o e execu\u00e7\u00e3o da lei or\u00e7ament\u00e1ria para o exerc\u00edcio financeiro de 2025 e d\u00e1 outras provid\u00eancias.</span></p>\r\n<p align=\"justify\" class=\"western\"><b>Esporte</b></p>\r\n<p align=\"justify\" class=\"western\"><span>O vereador Elair Gomes (Uni\u00e3o) solicitou no requerimento 249/2024 a realiza\u00e7\u00e3o de estudos t\u00e9cnicos para instala\u00e7\u00e3o de duas tabelas de basquete nas pra\u00e7as que est\u00e3o sendo reformadas nos bairros: Ant\u00f4nio Pimenta, Canelas, Jardim Primavera, Conjunto Jos\u00e9 Carlos de Lima, Maracan\u00e3, Residencial Vit\u00f3ria, Universit\u00e1rio, Vila \u00c1urea, Residencial Montes Claros, Vila Real e Vila Sion.</span></p>\r\n<p align=\"justify\" class=\"western\"><span>J\u00e1 o primeiro-secret\u00e1rio da Mesa Diretora, vereador Igor Dias (PRD), pede ao Executivo, no requerimento 254/2024, a aquisi\u00e7\u00e3o e instala\u00e7\u00e3o de uma academia ao ar livre, na pra\u00e7a Coronel Carlos Leite, no bairro Cidade Nova.</span></p>\r\n<p align=\"justify\" class=\"western\"><b>Feira livre</b></p>\r\n<p align=\"justify\" class=\"western\"><span>O requerimento de n\u00ba 251/2024, do vereador Stanlin Cordeiro (Uni\u00e3o), pede a instala\u00e7\u00e3o de uma feira livre de agricultura familiar, a ser realizada \u00e0s segundas-feiras, na pra\u00e7a das Til\u00e1pias, no Bairro Nossa Senhor de F\u00e1tima.</span></p>\r\n<p align=\"justify\" class=\"western\"><b>Infraestrutura</b></p>\r\n<p align=\"justify\" class=\"western\"><span>A inclus\u00e3o da constru\u00e7\u00e3o de uma ponte na Rua Professor Monteiro Fonseca com a avenida Deputado Esteves Rodrigues, do bairro Vila Bras\u00edlia, no Programa de Investimento do Cidad\u00e3o (PIC), foi tema do requerimento de n\u00ba 252, do vereador Valdecy Contador (Cidadania).</span></p>\r\n<p align=\"justify\" class=\"western\"><span>De autoria do vereador Cl\u00e1udio Rodrigues (Cidadania), o requerimento n\u00ba 255/2024, reivindica o recapeamento/asfaltamento da Rua Nove, no Bairro dos Mangues.</span></p>\r\n<p align=\"justify\" class=\"western\"><b>Meio ambiente</b></p>\r\n<p align=\"justify\" class=\"western\"><span>O vereador Soter Magno (PSD) solicitou no requerimento de n\u00ba 253/2024 a instala\u00e7\u00e3o de quatro pluvi\u00f4metros na cabeceira da bacia Hidrogr\u00e1fica do Rio Vieira, para registrar o volume de chuvas nesta regi\u00e3o, possibilitando a coleta de dados essenciais para estudos t\u00e9cnicos e implementa\u00e7\u00e3o de medidas preventivas.</span></p>\r\n<p align=\"justify\" class=\"western\"><b>CPI</b></p>\r\n<p align=\"justify\" class=\"western\"><span>Por fim, foi aprovado o requerimento de n\u00ba 256/2024, do vereador Daniel Dias (PCdoB), para que seja enviado of\u00edcio ao Presidente da Assembleia Legislativa de Minas Gerais, Tadeu Martins Leite (MDB), com c\u00f3pia para o Deputado Estadual, Ricardo Campos (PT), solicitando uma investiga\u00e7\u00e3o atrav\u00e9s de uma CPI \u2013 Comiss\u00e3o Parlamentar de Inqu\u00e9rito contra a CEMIG em decorr\u00eancia elevado valor da energia el\u00e9trica em Minas Gerais.</span></p>\r\n<p align=\"justify\" class=\"western\"><span>_________________________________</span></p>\r\n<p align=\"justify\" class=\"western\"><span><b><span>C\u00e2mara Municipal de Montes Claros</span></b></span></p>\r\n<p align=\"justify\" class=\"western\"><span><span>Assessoria de Comunica\u00e7\u00e3o Social</span></span></p>\r\n<p align=\"justify\" class=\"western\"><span><span>Contatos:(38) 3690-5504 | 3690-5506 \u2013 </span></span><span><span><a href=\"mailto:ascom@montesclaros.mg.leg.br\"><span>ascom@montesclaros.mg.leg.br</span></a></span></span></p>\r\n<p align=\"justify\" class=\"western\"><span><span><span>Facebook: </span></span></span><span><span><a href=\"http://www.facebook.com/camaramoc\"><span><span>www.facebook.com/camaramoc</span></span></a></span></span><span><span><span> </span></span></span></p>\r\n<p align=\"justify\" class=\"western\"><span><span><span>twitter: </span></span></span><span><span><a href=\"https://twitter.com/camaramoc\"><span><span>https://twitter.com/camaramoc</span></span></a></span></span><span><span><span> </span></span></span></p>\r\n<p align=\"justify\" class=\"western\"><span><span>Instagram: </span></span><span><span><a href=\"http://www.instagram.com/camaramoc\"><span><span>www.instagram.com/camaramoc</span></span></a></span></span><span><span> </span></span></p>\r\n<p align=\"justify\" class=\"western\"><span><span><a href=\"https://montesclaros.mg.leg.br/\"><span><span>https://montesclaros.mg.leg.br</span></span></a></span></span><span><span> </span></span></p>", "author_name": "", "version": "1.0", "author_url": "https://www.montesclaros.mg.leg.br/author/gisseleoliveira", "provider_name": "Montes Claros", "type": "rich"}