{"provider_url": "https://www.montesclaros.mg.leg.br", "title": "C\u00e2mara aprova or\u00e7amento para 2025", "html": "<p align=\"justify\" class=\"western\"><span><span><span><span>Por Arthur Amorim Jr.</span></span></span></span></p>\r\n<p align=\"justify\" class=\"western\"><span>A C\u00e2mara de Montes Claros aprovou na reuni\u00e3o ordin\u00e1ria desta ter\u00e7a-feira (05/11), o Projeto de Lei n\u00ba144/ 2024, que estima a receita e fixa a despesa do munic\u00edpio de Montes Claros para o exerc\u00edcio financeiro de 2025.</span></p>\r\n<p align=\"justify\" class=\"western\"><span>Para o ano que vem, o Executivo ter\u00e1 uma receita total estimada nos Or\u00e7amentos Fiscal e da Seguridade Social e de Investimentos do munic\u00edpio, j\u00e1 com as devidas dedu\u00e7\u00f5es legais, o montante de R$ 2.393.572.750,00 (dois bilh\u00f5es, trezentos e noventa e tr\u00eas milh\u00f5es, quinhentos e setenta e dois mil, setecentos e cinquenta reais).</span></p>\r\n<p align=\"justify\" class=\"western\"><span>As despesas por \u00f3rg\u00e3os ficaram da seguinte forma: Poder Legislativo 35.476.000,00, para o Poder Executivo 2.358.096.750,00 sendo para Administra\u00e7\u00e3o Direta: 2.122.382.800,00; Prevmoc, 204.538.200,00; Amasbe 500.000,00; Supermoc \u2013 513.000,00; Esurb - 11.000.000,00; e MCTrans \u2013 19.162.750,00.</span></p>\r\n<p align=\"justify\" class=\"western\"><span>Na reuni\u00e3o, tamb\u00e9m foi aprovado o Projeto de Lei Complementar de n\u00ba 11 de 2024, visa a nomea\u00e7\u00e3o que definir\u00e1 a ocupa\u00e7\u00e3o dos cargos em comiss\u00e3o e as fun\u00e7\u00f5es de confian\u00e7a, no \u00e2mbito da Administra\u00e7\u00e3o P\u00fablica Direta do Poder Executivo do Munic\u00edpio de Montes Claros, ficam estruturados nos termos da presente Lei Complementar. Os cargos em comiss\u00e3o e as fun\u00e7\u00f5es de confian\u00e7a poder\u00e3o conferir ao seu ocupante um conjunto de atribui\u00e7\u00f5es e de responsabilidades correspondentes \u00e0s compet\u00eancias previstas em unidade da estrutura organizacional do \u00f3rg\u00e3o ou da entidade do munic\u00edpio, estabelecendo os procedimentos espec\u00edficos a serem observados pelos seus nomeados ou designados e poder\u00e1 determinar outras compet\u00eancias e est\u00edmulos \u00e0 gest\u00e3o dos \u00f3rg\u00e3os e entidades do Poder Executivo Municipal.</span></p>\r\n<p align=\"justify\" class=\"western\"><span><br /></span></p>\r\n<p>____________________________</p>\r\n<p>C\u00e2mara Municipal de Montes Claros<br />Assessoria de Comunica\u00e7\u00e3o Social<br />Contatos:(38) 3690-5504 | 3690-5506 \u2013 ascom@montesclaros.mg.leg.br<br />Facebook: www.facebook.com/camaramoc<br />Twitter: https://twitter.com/camaramoc<br />Instagram: www.instagram.com/camaramoc<br />Site: https://montesclaros.mg.leg.br</p>\r\n<p align=\"justify\" class=\"western\"><span><br /></span></p>", "author_name": "", "version": "1.0", "author_url": "https://www.montesclaros.mg.leg.br/author/mariana.vitorino", "provider_name": "Montes Claros", "type": "rich"}