{"provider_url": "https://www.montesclaros.mg.leg.br", "title": "C\u00e2mara aprova nove projetos de lei", "html": "<p align=\"justify\" class=\"western\"><em>Gissele Niza</em></p>\r\n<p align=\"justify\" class=\"western\">\u00a0</p>\r\n<p align=\"justify\" class=\"western\"><span><span> A C\u00e2mara Municipal de Montes Claros aprovou na sess\u00e3o ordin\u00e1ria desta ter\u00e7a-feira (12), nove projetos de lei, sendo seis, de autoria do Legislativo e; tr\u00eas, do Executivo. </span></span></p>\r\n<p align=\"justify\" class=\"western\"><span><span><span><span><span><span> O projeto de Lei 158/2023, do vereador Cl\u00e1udio Rodrigues (Rede), concede T\u00edtulo Declarat\u00f3rio de Utilidade P\u00fablica \u00e0 Associa\u00e7\u00e3o Comunit\u00e1ria Rural de Hollywood. </span></span></span></span></span></span></p>\r\n<p align=\"justify\" class=\"western\"><span><span><span><span><span><span>De autoria do segundo-secret\u00e1rio da Mesa Diretora, vereador Wilton Dias (PTB), o Projeto de Lei 164/2023, concede </span></span></span></span><span><span><span><span>T\u00edtulo Declarat\u00f3rio de Utilidade P\u00fablica \u00e0 Associa\u00e7\u00e3o de Pequenos Produtores Rurais e Moradores do Vale do Pequi. </span></span></span></span></span></span></p>\r\n<p align=\"justify\" class=\"western\"><span><span><span><span><span><span> J\u00e1 o PL 165/2023, da vereadora Ceci Protetora (PP), conce</span></span></span></span><span><span><span><span>de T\u00edtulo Declarat\u00f3rio de Utilidade P\u00fablica \u00e0 Associa\u00e7\u00e3o Arco-\u00edris do Amor. </span></span></span></span><span><span><span><span>Por fim, o Projeto de Lei 172/2023, da vereadora Gra\u00e7a da Casa do Motor (Uni\u00e3o), c</span></span></span></span><span><span><span><span>oncede T\u00edtulo Declarat\u00f3rio de Utilidade P\u00fablica ao Instituto de Desenvolvimento Social Dona Marly.</span></span></span></span></span></span></p>\r\n<p align=\"justify\" class=\"western\">\u00a0</p>\r\n<p align=\"justify\" class=\"western\"><span><span><b>DATAS COMEMORATIVAS </b></span></span></p>\r\n<p align=\"justify\" class=\"western\">\u00a0</p>\r\n<p align=\"justify\" class=\"western\"><span><span><span><span><span> De autoria do vereador Elair Gomes (MDB), foram aprovados os Projetos de Lei 162/2023 e 163/2023, que institui </span></span></span><span><span><span><span>a Semana Municipal do Estatuto da Crian\u00e7a e do Adolescente </span></span></span></span><span><span><span><span>(</span></span></span></span><span><span><span><span>ECA</span></span></span></span><span><span><span><span>)</span></span></span></span><span><span><span><span> </span></span></span></span><span><span><span><span>e</span></span></span></span><span><span><span><b> </b></span></span></span><span><span><span><span>o m\u00eas Maio Furta-cor, dedicado \u00e0s a\u00e7\u00f5es de conscientiza\u00e7\u00e3o, incentivo ao cuidado e promo\u00e7\u00e3o da sa\u00fade mental materna no \u00e2mbito do Munic\u00edpio de Montes Claros, </span></span></span></span><span><span><span><span>respectivamente. </span></span></span></span></span></span></p>\r\n<p align=\"justify\" class=\"western\">\u00a0</p>\r\n<p align=\"justify\" class=\"western\"><span><span><b>EXECUTIVO </b></span></span></p>\r\n<p align=\"justify\" class=\"western\">\u00a0</p>\r\n<p align=\"justify\" class=\"western\"><span><span><span><span> Do Executivo municipal foram aprovados: o Projeto de Lei 21/2023 que altera a</span></span><span><span><span><span> Lei Complementar n\u00ba 08, de 11 de abril de 2006, em conformidade com o artigo 93-A da Lei Org\u00e2nica Municipal, </span></span></span></span><span><span><span><span>institui</span></span></span></span><span><span><span><span> a segrega\u00e7\u00e3o e massas do regime pr\u00f3prio; o Projeto de Lei </span></span></span></span><span><span><span><span>124/2023, que </span></span></span></span><span><span><span><span>cria o distrito de Pedra Preta dos Montes, d\u00e1 reda\u00e7\u00e3o \u00e0 descri\u00e7\u00e3o das novas confronta\u00e7\u00f5es do </span></span></span></span><span><span><span><span>d</span></span></span></span><span><span><span><span>istrito de Ermidinha; </span></span></span></span><span><span><span><span>e o Projeto de Lei n\u00ba 175/2023, que autoriza </span></span></span></span><span><span><span><span>o Poder Executivo a proceder a transposi\u00e7\u00e3o e transfer\u00eancia de recursos no or\u00e7amento e d\u00e1 outras provid\u00eancias. </span></span></span></span></span></span></p>\r\n<p align=\"justify\" class=\"western\"><span>_________________________________</span></p>\r\n<p align=\"left\" class=\"western\"><span><span><span><span><span><span><b>C\u00e2mara Municipal de Montes Claros</b></span></span></span></span></span></span><span><span><span><span><span><span><span><br /> Assessoria de Comunica\u00e7\u00e3o Social<br /> Contatos:(38) 3690-5504 | 3690-5506 \u2013 </span></span></span></span></span></span></span><span><a href=\"mailto:ascom@montesclaros.mg.leg.br\" target=\"_self\"><span><span><span><span><span><span><span><span><span>ascom@montesclaros.mg.leg.br</span></span></span></span></span></span></span></span></span></a></span><span><span><span><span><span><span><span><br /> Facebook: </span></span></span></span></span></span></span><span><a href=\"http://www.facebook.com/camaramoc\" target=\"_blank\"><span><span><span><span><span><span><span><span><span>www.facebook.com/camaramoc</span></span></span></span></span></span></span></span></span></a></span><span><span><span><span><span><span><span><br /> Twitter: https</span></span></span></span></span></span></span><span><a href=\"https://twitter.com/camaramoc\" target=\"_blank\"><span><span><span><span><span><span><span><span><span>: //twitter.com/camaramoc</span></span></span></span></span></span></span></span></span></a></span><span><span><span><span><span><span><span><br /> Instagram: www</span></span></span></span></span></span></span><span><a href=\"http://www.instagram.com/camaramoc\" target=\"_blank\"><span><span><span><span><span><span><span><span><span>.instagram.com/camaramoc</span></span></span></span></span></span></span></span></span></a></span><span><span><span><span><span><span><span><br /> Site: </span></span></span></span></span></span></span><span><a href=\"https://montesclaros.mg.leg.br/\" target=\"_blank\"><span><span><span><span><span><span><span><span><span>https://montesclaros.mg.leg.br</span></span></span></span></span></span></span></span></span></a></span></p>\r\n<p align=\"left\" class=\"western\">\u00a0</p>", "author_name": "", "version": "1.0", "author_url": "https://www.montesclaros.mg.leg.br/author/gisseleoliveira", "provider_name": "Montes Claros", "type": "rich"}