{"provider_url": "https://www.montesclaros.mg.leg.br", "title": "C\u00e2mara aprova Ecocr\u00e9dito", "html": "<p align=\"justify\" style=\"text-align: justify; \"><span><span><span><span><span>POR CHRISTINE ANTONINI<br /></span></span></span></span></span></p>\r\n<p align=\"justify\" style=\"text-align: justify; \"><span><span><span><span><span>Cinco projetos foram aprovados durante a sess\u00e3o ordin\u00e1ria desta ter\u00e7a-feira, 5, na C\u00e2mara de Montes Claros, que depois de um ano e meio teve a presen\u00e7a do p\u00fablico. </span></span></span><span><span><span>O primeiro aprovado (P.L.C n\u00b05/2021) cria o</span></span></span><span><span><span> \u201c<a class=\"external-link\" href=\"https://www.montesclaros.mg.leg.br/institucional/noticias/201ceco-recicla201d-podera-tornar-montes-claros-mais-sustentavel\" target=\"_self\" title=\"\">Ecocr\u00e9dito de Reciclagem Eco-Recicla</a>\u201d, </span></span></span><span><span>programa de cr\u00e9dito ambiental que tem o objetivo de incentivar o cidad\u00e3o a praticar a coleta seletiva de res\u00edduos recicl\u00e1veis, promover a preserva\u00e7\u00e3o ambiental e contribuir para a inclus\u00e3o social de catadores nos programas voltados \u00e0s a\u00e7\u00f5es ambientais.</span></span></span></span></p>\r\n<p align=\"justify\" style=\"text-align: justify; \"><span><span><span><span>O </span></span><span><span><span>Eco-Recicla </span></span></span><span><span><span>\u00e9 de iniciativa do </span></span></span><span><span><span>prefeito Humberto Souto (Cidadania)</span></span></span><span><span><span>. </span></span></span><span><span><span>Conforme </span></span></span><span><span><span>o </span></span></span><span><span><span>projeto, para participar do Eco-Recicla o cidad\u00e3o dever\u00e1 entregar os res\u00edduos recicl\u00e1veis nos ecopontos oficiais e receber\u00e1 o cr\u00e9dito ambiental por quilo de res\u00edduo depositado. </span></span></span></span></span></p>\r\n<p align=\"justify\" style=\"text-align: justify; \"><span><span><span><span><span>Tamb\u00e9m de iniciativa do Executivo, foi aprovado o projeto (n\u00b080/2021), que autoriza a aliena\u00e7\u00e3o ou doa\u00e7\u00e3o de bens e produtos apreendidos pelo munic\u00edpio de Montes Claros. Segundo a pasta, a prefeitura poder\u00e1 doar estes bens para entidades assistenciais sem fins lucrativos. </span></span></span></span></span></p>\r\n<p align=\"justify\" style=\"text-align: justify; \"><span><span><span><span><span><br /></span></span></span></span></span></p>\r\n<p style=\"text-align: justify; \"><span>___________________________________________</span><br /><span>C\u00e2mara Municipal de Montes Claros</span><br /><span>Assessoria de Comunica\u00e7\u00e3o Social</span><br /><span>Contatos:(38) 3690-5504 | 3690-5506 \u2013\u00a0</span><a href=\"http://ascom@montesclaros.mg.leg.br/\" target=\"_blank\"><span>ascom@montesclaros.mg.leg.br</span></a><br /><span>Facebook:</span><a target=\"_blank\"><span>\u00a0www.facebook.com/camaramoc</span></a><br /><span>Twitter:\u00a0</span><a href=\"https://twitter.com/camaramoc\" target=\"_blank\"><span>https://twitter.com/camaramoc</span></a><br /><span>Instagram:\u00a0</span><a href=\"https://twitter.com/camaramoc\" target=\"_blank\"><span>www.instagram.com/camaramoc</span></a><br /><a href=\"https://www.montesclaros.mg.leg.br/\" target=\"_self\"><span>https://montesclaros.mg.leg.br</span></a></p>\r\n<p align=\"justify\" style=\"text-align: justify; \"><span><span><span><span><span><br /></span></span></span></span></span></p>\r\n<p align=\"justify\" style=\"text-align: justify; \"><span><span><span><span><span>Outra proposta do </span></span></span><span><span><span>Executivo (P.L n\u00b087/2021), autoriza o munic\u00edpio a abrir cr\u00e9dito adicional ao or\u00e7amento vigente, no valor de R$1.517.000,00 para aquisi\u00e7\u00e3o de equipamentos e materiais permanentes para os estabelecimentos de sa\u00fade. </span></span></span></span></span></p>\r\n<p align=\"justify\" style=\"text-align: justify; \"><strong>PROJETOS DO LEGISLATIVO</strong></p>\r\n<p align=\"justify\" style=\"text-align: justify; \"><span><span><span><span><span>O projeto n\u00b029/2021 concede T\u00edtulo de Cidad\u00e3o Honor\u00e1rio de Montes Claros ao juiz do trabalho aposentado, Jo\u00e3o L\u00facio da Silva. A homenagem \u00e9 de iniciativa do vereador Valdecy Contador (Cidadania). </span></span></span></span></span></p>\r\n<p align=\"justify\" style=\"text-align: justify; \"><span><span><span><span><span>De autoria do vereador Daniel Dias (PCdoB), o projeto n\u00b086/2021 institui o Dia Municipal do (a) Auxiliar de Doc\u00eancia, a ser anualmente no dia 21 de setembro. </span></span></span></span></span></p>\r\n<p align=\"justify\" style=\"text-align: justify; \">\u00a0</p>", "author_name": "", "version": "1.0", "author_url": "https://www.montesclaros.mg.leg.br/author/cristine", "provider_name": "Montes Claros", "type": "rich"}