{"provider_url": "https://www.montesclaros.mg.leg.br", "title": "C\u00e2mara aprova 15 requerimentos", "html": "<p align=\"left\"><span><i><span><span><span><span><span>Por Gissele Niza</span></span></span></span></span></i></span></p>\r\n<p align=\"justify\"><span><span><span><span><span><span><span><br /> Na sess\u00e3o ordin\u00e1ria realizada nesta ter\u00e7a-feira (15/</span></span></span></span></span></span><span><span><span><span><span><span>4</span></span></span></span></span><span><span><span><span><span>), a C\u00e2mara Municipal de Montes Claros aprovou 15 requerimentos, abrangendo temas priorit\u00e1rios para o desenvolvimento urbano e social do munic\u00edpio. As propostas tratam de sa\u00fade p\u00fablica, seguran\u00e7a vi\u00e1ria, mobilidade, meio ambiente, direitos sociais, desporto e regulariza\u00e7\u00e3o fundi\u00e1ria.</span></span></span></span></span></span></span></p>\r\n<p align=\"justify\"><span><span><span><span><span><span><span><br /> </span></span></span></span></span></span><span><span><span><span><span><b>Sa\u00fade p\u00fablica</b></span></span></span></span></span></span></p>\r\n<p align=\"justify\"><span><span><span><span><span><span><span><br /> Dois requerimentos se destacaram pela relev\u00e2ncia n</span></span></span></span></span></span><span><span><span><span><span><span>a</span></span></span></span></span><span><span><span><span><span> </span></span></span></span></span><span><span><span><span><span>\u00e1rea</span></span></span></span></span><span><span><span><span><span> da sa\u00fade. A vereadora </span></span></span></span></span><span><span><span><span><span>Gra\u00e7a da Casa do Motor (Uni\u00e3o)</span></span></span></span></span><span><span><span><span><span> pediu ao Executivo a concess\u00e3o de adicional de insalubridade aos assistentes administrativos das unidades de Estrat\u00e9gia Sa\u00fade da Fam\u00edlia (ESF), justificando que esses profissionais t\u00eam contato direto com pacientes portadores de doen\u00e7as graves, como Covid-19, hansen\u00edase e tuberculose.</span></span></span></span></span></span></span></p>\r\n<p align=\"justify\"><span><span><span><span><span><span><span>J\u00e1 o vereador Daniel Dias </span></span></span></span></span></span><span><span><span><span><span><span>(PCdoB) </span></span></span></span></span><span><span><span><span><span>prop\u00f4s estudo para inclus\u00e3o de medicamentos modernos \u2013 como Wegovy, Saxenda e Ozempic \u2013 nos protocolos terap\u00eauticos municipais. O objetivo \u00e9 ampliar o acesso ao tratamento da obesidade grave e diabetes tipo 2, desafogando a fila de espera por cirurgias bari\u00e1tricas no sistema p\u00fablico.</span></span></span></span></span></span></span></p>\r\n<p align=\"justify\"><span><span><span><span><span><span><span><br /> </span></span></span></span></span></span><span><span><span><span><span><b>Infraestrutura urbana</b></span></span></span></span></span></span></p>\r\n<p align=\"justify\"><span><span><span><span><span><span><span><br /> Melhorias no tr\u00e2nsito foram abordadas </span></span></span></span></span></span><span><span><span><span><span><span>na reuni\u00e3o</span></span></span></span></span><span><span><span><span><span>. </span></span></span></span></span><span><span><span><span><span>O vereador</span></span></span></span></span><span><span><span><span><span> Marcos Nem </span></span></span></span></span><span><span><span><span><span>(Pode) </span></span></span></span></span><span><span><span><span><span>sugeriu a instala\u00e7\u00e3o de sem\u00e1foros no cruzamento entre a </span></span></span></span></span><span><span><span><span><span>a</span></span></span></span></span><span><span><span><span><span>venida Manoel Carib\u00e9 Filho e a </span></span></span></span></span><span><span><span><span><span>a</span></span></span></span></span><span><span><span><span><span>venida Crisantino Bor\u00e9m, regi\u00e3o entre os bairros Vargem Grande e Joaquim Costa, onde o tr\u00e1fego intenso exige maior sinaliza\u00e7\u00e3o.</span></span></span></span></span></span></span></p>\r\n<p align=\"justify\"><span><span><span><span><span><span><span>O vereador </span></span></span></span></span></span><span><span><span><span><span><span>Soter Magno </span></span></span></span></span><span><span><span><span><span>(PSD) </span></span></span></span></span><span><span><span><span><span>solicitou a instala\u00e7\u00e3o de outro sem\u00e1foro no cruzamento da </span></span></span></span></span><span><span><span><span><span>a</span></span></span></span></span><span><span><span><span><span>venida Tito Versiane dos Anjos com a </span></span></span></span></span><span><span><span><span><span>a</span></span></span></span></span><span><span><span><span><span>venida Castelar Prates, no bairro Major Prates, para aumentar a seguran\u00e7a dos motoristas e pedestres.</span></span></span></span></span></span></span></p>\r\n<p align=\"justify\"><span><span><span><span><span><span><span><br /> </span></span></span></span></span></span><span><span><span><span><span><b>Transporte p\u00fablico</b></span></span></span></span></span></span></p>\r\n<p align=\"justify\"><span><span><span><span><span><span><span><br /> Atendendo \u00e0 demanda do Diret\u00f3rio Central dos Estudantes (DCE) da Universidade Estadual de Montes Claros (Unimontes), a vereadora Professora Iara Pimentel </span></span></span></span></span></span><span><span><span><span><span><span>(PT)</span></span></span></span></span><span><span><span><span><span> apresentou requerimento solicitando que o </span></span></span></span></span><span><span><span><span><span>\u00f4nibus coletivo urbano</span></span></span></span></span><span><span><span><span><span> passem a circular dentro do Campus Darcy Ribeiro. A medida pretende garantir mais comodidade e seguran\u00e7a \u00e0 comunidade estudantil.</span></span></span></span></span></span></span></p>\r\n<p align=\"justify\"><span><span><span><span><span><span><span><br /> </span></span></span></span></span></span><span><span><span><span><span><b>Sustentabilidade e prote\u00e7\u00e3o animal </b></span></span></span></span></span></span></p>\r\n<p align=\"justify\"><span><span><span><span><span><span><span><br /> O vereador Igor Dias </span></span></span></span></span></span><span><span><span><span><span><span>(PRD) </span></span></span></span></span><span><span><span><span><span>prop\u00f4s a cria\u00e7\u00e3o do Plano Municipal de Transi\u00e7\u00e3o Energ\u00e9tica Sustent\u00e1vel, envolvendo diversas secretarias, como Meio Ambiente, Educa\u00e7\u00e3o, Agricultura e Servi\u00e7os Urbanos. A proposta visa incentivar fontes limpas de energia e preparar a cidade para os desafios clim\u00e1ticos.</span></span></span></span></span></span></span></p>\r\n<p align=\"justify\"><span><span><span><span><span><span><span>A vereadora </span></span></span></span></span></span><span><span><span><span><span><span>Cec\u00ed </span></span></span></span></span><span><span><span><span><span>Protetora</span></span></span></span></span><span><span><span><span><span> </span></span></span></span></span><span><span><span><span><span>(PRD) </span></span></span></span></span><span><span><span><span><span>destacou a causa animal ao solicitar a regulamenta\u00e7\u00e3o da Lei n\u00ba 5.785/2025, que cria o Cadastro de Protetores de Animais Independentes, al\u00e9m de um censo municipal de c\u00e3es e gatos, essencial para pol\u00edticas p\u00fablicas mais eficazes.<br /> <br /> </span></span></span></span></span><span><span><span><span><b>Urbanismo e habita\u00e7\u00e3o</b></span></span></span></span></span></span></p>\r\n<p align=\"justify\"><span><span><span><span><span><span><span><br /> A \u00e1rea de infraestrutura recebeu aten\u00e7\u00e3o especial com diversas propostas. </span></span></span></span></span></span><span><span><span><span><span><span>O vereador </span></span></span></span></span><span><span><span><span><span>Wilton Dias </span></span></span></span></span><span><span><span><span><span>(Avante) </span></span></span></span></span><span><span><span><span><span>sugeriu a implanta\u00e7\u00e3o da R</span></span></span></span></span><span><span><span><span><span>eurb</span></span></span></span></span><span><span><span><span><span> (Regulariza\u00e7\u00e3o Fundi\u00e1ria Urbana) no distrito de S\u00e3o Pedro da Gar\u00e7a, possibilitando a legaliza\u00e7\u00e3o de im\u00f3veis e a inclus\u00e3o de moradores em pol\u00edticas p\u00fablicas de habita\u00e7\u00e3o. </span></span></span></span></span><span><span><span><span><span>A vereadora </span></span></span></span></span><span><span><span><span><span>Carol Figueiredo </span></span></span></span></span><span><span><span><span><span>(PL) </span></span></span></span></span><span><span><span><span><span>pediu a revitaliza\u00e7\u00e3o da </span></span></span></span></span><span><span><span><span><span>p</span></span></span></span></span><span><span><span><span><span>ra\u00e7a Itapetinga, no bairro Alto S\u00e3o Jo\u00e3o, com corte de mato e instala\u00e7\u00e3o de novos bancos, criando um ambiente mais acolhedor e seguro. </span></span></span></span></span><span><span><span><span><span>J\u00e1 o vereador </span></span></span></span></span><span><span><span><span><span>Marlus do Independ\u00eancia </span></span></span></span></span><span><span><span><span><span>(PSD) </span></span></span></span></span><span><span><span><span><span>defendeu a constru\u00e7\u00e3o de um parque com campo de futebol na \u00e1rea verde entre a </span></span></span></span></span><span><span><span><span><span>a</span></span></span></span></span><span><span><span><span><span>venida Alameda Quita Guimar\u00e3es e a </span></span></span></span></span><span><span><span><span><span>r</span></span></span></span></span><span><span><span><span><span>ua N, no bairro Ac\u00e1cias.</span></span></span></span></span></span></span></p>\r\n<p align=\"justify\"><span><span><span><span><span><span><span>O vereador Ailton do Vilage </span></span></span></span></span></span><span><span><span><span><span><span>(MDB) </span></span></span></span></span><span><span><span><span><span>prop\u00f4s recapeamento e drenagem da </span></span></span></span></span><span><span><span><span><span>r</span></span></span></span></span><span><span><span><span><span>ua 27, localizada entre os bairros S\u00e3o Lucas e Recanto das \u00c1guas. </span></span></span></span></span><span><span><span><span><span>De acordo com o requerimento \u00e9 </span></span></span></span></span><span><span><span><span><span>uma via que sofre com alagamentos e buracos constantes.</span></span></span></span></span></span></span></p>\r\n<p align=\"justify\"><span><span><span><span><span><span><span><br /> </span></span></span></span></span></span><span><span><span><span><span><b>Direitos sociais</b></span></span></span></span></span></span></p>\r\n<p align=\"justify\"><span><span><span><span><span><span><span>Com foco nos cidad\u00e3os em situa\u00e7\u00e3o de rua, Odair Ferreira </span></span></span></span></span></span><span><span><span><span><span><span>(Uni\u00e3o) </span></span></span></span></span><span><span><span><span><span>prop\u00f4s que a reuni\u00e3o do dia 5 de junho seja transformada em audi\u00eancia p\u00fablica. O debate, com in\u00edcio previsto para as 8 </span></span></span></span></span><span><span><span><span><span>horas</span></span></span></span></span><span><span><span><span><span>, pretende discutir a realidade de moradores da </span></span></span></span></span><span><span><span><span><span>r</span></span></span></span></span><span><span><span><span><span>ua Santos, no bairro Santo Ant\u00f4nio, buscando solu\u00e7\u00f5es integradas com a sociedade e o poder p\u00fablico.</span></span></span></span></span></span></span></p>\r\n<p align=\"justify\"><span><span><span><span><span><span><span><br /> </span></span></span></span></span></span><span><span><span><span><span><b>Esporte</b></span></span></span></span></span></span></p>\r\n<p align=\"justify\"><span><span><span><span><span><span><span><br /> </span></span></span></span></span></span><span><span><span><span><span><span>O vereador </span></span></span></span></span><span><span><span><span><span>Cris\u00f3stomo da Minas Brasil </span></span></span></span></span><span><span><span><span><span>(Uni\u00e3o) </span></span></span></span></span><span><span><span><span><span>pediu melhorias estruturais no campo do Democrata Futebol Clube. </span></span></span></span></span><span><span><span><span><span>O intuito do requerimento \u00e9 fortalecer </span></span></span></span></span><span><span><span><span><span>o desporto de base e promove</span></span></span></span></span><span><span><span><span><span>r</span></span></span></span></span><span><span><span><span><span> espa\u00e7os adequados para a pr\u00e1tica desportiva. </span></span></span></span></span></span></span></p>\r\n<p align=\"justify\"><span>No dia 29 de maio, \u00e0s 8h, ser\u00e1 realizada reuni\u00e3o especial</span><span> para sediar o IV Encontro de Presidentes de Associa\u00e7\u00f5es Comunit\u00e1rias Urbanas e Rurais, em parceria com a Cordam e a OAB/MG. O pedido foi do vereador Cl\u00e1udio Rodrigues (Cidadania).</span></p>\r\n<p align=\"justify\"><span><span><span><span><span><span><span><br /> </span></span></span></span></span></span><span><span><span><span><span><b>Mo\u00e7\u00e3o</b></span></span></span></span></span></span></p>\r\n<p align=\"justify\"><span><span><span><span><span><span><span><br /> Fechando a sess\u00e3o, </span></span></span></span></span></span><span><span><span><span><span><span>o vereador </span></span></span></span></span><span><span><span><span><span>PC Landim </span></span></span></span></span><span><span><span><span><span>(Avante) </span></span></span></span></span><span><span><span><span><span>encaminhou mo\u00e7\u00e3o de apelo a diversos \u00f3rg\u00e3os federais solicitando a duplica\u00e7\u00e3o da BR-251 entre Montes Claros e Salinas. A proposta destaca o impacto positivo que a obra ter\u00e1 na seguran\u00e7a vi\u00e1ria, escoamento de produ\u00e7\u00e3o e desenvolvimento regional.</span></span></span></span></span></span></span></p>\r\n<p align=\"justify\"><span><span><span><span><span><span><span><br /> _____________________________</span></span></span></span></span></span></span></p>\r\n<p align=\"justify\"><span><b><span><span><span><span><span>C\u00e2mara Municipal de Montes Claros</span></span></span></span></span></b></span></p>\r\n<p align=\"justify\"><span><span><span><span><span><span><span>Assessoria de Comunica\u00e7\u00e3o Social</span></span></span></span></span></span></span></p>\r\n<p align=\"justify\"><span><span><span><span><span><span><span>Contatos: (38) 3690-5504 | 3690-5506 \u2013ascom@montesclaros.mg.leg.br</span></span></span></span></span></span></span></p>\r\n<p align=\"justify\"><span><span><span><span><span><span><span>Facebook: www.facebook.com/camaramoc</span></span></span></span></span></span></span></p>\r\n<p align=\"justify\"><span><span><span><span><span><span><span>Twitter: https://twitter.com/camaramoc</span></span></span></span></span></span></span></p>\r\n<p align=\"justify\"><span><span><span><span><span><span><span>Instagram: www.instagram.com/camaramoc</span></span></span></span></span></span></span></p>\r\n<p align=\"justify\"><span><span><span><span><span><span><span>https://montesclaros.mg.leg.br</span></span></span></span></span></span></span></p>", "author_name": "", "version": "1.0", "author_url": "https://www.montesclaros.mg.leg.br/author/gisseleoliveira", "provider_name": "Montes Claros", "type": "rich"}