{"provider_url": "https://www.montesclaros.mg.leg.br", "title": "C\u00e2mara aprova 15 novos requerimentos ", "html": "<p align=\"left\" class=\"western\" style=\"text-align: justify; \"><span><span><span><span><span><i><span>Gissele Niza</span></i></span></span></span></span></span><span><span><span><span><span><span><span><br /> <br /> A C\u00e2mara Municipal de Montes Claros aprovou, nesta ter\u00e7a-feira (13/</span></span></span></span></span></span></span><span><span><span><span><span><span><span>05</span></span></span></span></span></span></span><span><span><span><span><span><span><span>), 15 requerimentos. As propostas abrangem diversas \u00e1reas, como inclus\u00e3o digital, sa\u00fade, infraestrutura urbana, esporte, pol\u00edticas p\u00fablicas e direitos sociais. <br /> <br /> </span></span></span></span></span></span></span><span><span><span><span><span><span><b><span>Sa\u00fade e assist\u00eancia social<br /> </span></b></span></span></span></span></span></span></p>\r\n<p align=\"left\" class=\"western\" style=\"text-align: justify; \"><span><span><span><span><span><span><span>No </span></span></span></span></span></span></span><span><span><span><span><span><span><span>r</span></span></span></span></span></span></span><span><span><span><span><span><span><span>equerimento n\u00ba 357/2025, a vereadora Iara Pimentel </span></span></span></span></span></span></span><span><span><span><span><span><span><span>(PT) </span></span></span></span></span></span></span><span><span><span><span><span><span><span>solicitou que o Munic\u00edpio decrete situa\u00e7\u00e3o de emerg\u00eancia em sa\u00fade p\u00fablica, diante do aumento de casos de doen\u00e7as respirat\u00f3rias.<br /> O vereador Rodrigo Cadeirante </span></span></span></span></span></span></span><span><span><span><span><span><span><span>(Uni\u00e3o)</span></span></span></span></span></span></span><span><span><span><span><span><span><span>, por meio do </span></span></span></span></span></span></span><span><span><span><span><span><span><span>r</span></span></span></span></span></span></span><span><span><span><span><span><span><span>equerimento n\u00ba 356/2025, indicou que recursos de emendas impositivas sejam destinados ao Centro Dia, institui\u00e7\u00e3o voltada ao atendimento de pessoas com defici\u00eancia e idosos.<br /> J\u00e1 o </span></span></span></span></span></span></span><span><span><span><span><span><span><span>r</span></span></span></span></span></span></span><span><span><span><span><span><span><span>equerimento n\u00ba 368/2025, do vereador Daniel Dias </span></span></span></span></span></span></span><span><span><span><span><span><span><span>(PCdoB)</span></span></span></span></span></span></span><span><span><span><span><span><span><span>, solicita a implementa\u00e7\u00e3o da jornada de 30 horas semanais para os profissionais da enfermagem (enfermeiros, t\u00e9cnicos e auxiliares) da rede municipal de sa\u00fade.<br /> <br /> </span></span></span></span></span></span></span><span><span><span><span><span><span><b><span>Infraestrutura e urbanismo<br /> </span></b></span></span></span></span></span></span></p>\r\n<p align=\"left\" class=\"western\" style=\"text-align: justify; \"><span><span><span><span><span><span><span>Diversos pedidos foram feitos para melhorias na </span></span></span></span></span></span></span><span><span><span><span><span><span><span>\u00e1rea</span></span></span></span></span></span></span><span><span><span><span><span><span><span> urbana. A vereadora Gra\u00e7a </span></span></span></span></span></span></span><span><span><span><span><span><span><span>da Casa do Motor (Uni\u00e3o)</span></span></span></span></span></span></span><span><span><span><span><span><span><span>, no </span></span></span></span></span></span></span><span><span><span><span><span><span><span>r</span></span></span></span></span></span></span><span><span><span><span><span><span><span>equerimento n\u00ba 354/2025, pediu estudo de viabilidade para drenagem e asfaltamento da Avenida Francisco Gaetani, no bairro Major Prates.<br /> No </span></span></span></span></span></span></span><span><span><span><span><span><span><span>r</span></span></span></span></span></span></span><span><span><span><span><span><span><span>equerimento n\u00ba 355/2025, o vereador Soter Magno </span></span></span></span></span></span></span><span><span><span><span><span><span><span>(PSD) </span></span></span></span></span></span></span><span><span><span><span><span><span><span>prop\u00f4s a constru\u00e7\u00e3o da Pra\u00e7a Eunice Pires Rocha Souza, no bairro Morada do Sol.<br /> O vereador Marcos Ne</span></span></span></span></span></span></span><span><span><span><span><span><span><span>m</span></span></span></span></span></span></span><span><span><span><span><span><span><span> </span></span></span></span></span></span></span><span><span><span><span><span><span><span>(Pode), </span></span></span></span></span></span></span><span><span><span><span><span><span><span>no </span></span></span></span></span></span></span><span><span><span><span><span><span><span>r</span></span></span></span></span></span></span><span><span><span><span><span><span><span>equerimento n\u00ba 360/2025, solicitou a constru\u00e7\u00e3o de passeio da BR-365 at\u00e9 o povoado S\u00e3o Geraldo. J\u00e1 </span></span></span></span></span></span></span><span><span><span><span><span><span><span>o 1vereador</span></span></span></span></span></span></span><span><span><span><span><span><span><span> Raimundo </span></span></span></span></span></span></span><span><span><span><span><span><span><span>do INSS (PDT)</span></span></span></span></span></span></span><span><span><span><span><span><span><span>, por meio do </span></span></span></span></span></span></span><span><span><span><span><span><span><span>r</span></span></span></span></span></span></span><span><span><span><span><span><span><span>equerimento n\u00ba 366/2025, pediu estudo de viabilidade para limpeza da Pra\u00e7a Altino Miranda</span></span></span></span></span></span></span><span><span><span><span><span><span><span>, no bairro Esplanada.</span></span></span></span></span></span></span><span><span><span><span><span><span><span><br /> No </span></span></span></span></span></span></span><span><span><span><span><span><span><span>r</span></span></span></span></span></span></span><span><span><span><span><span><span><span>equerimento n\u00ba 367/2025, o vereador Ailton do Vilage </span></span></span></span></span></span></span><span><span><span><span><span><span><span>(MDB) </span></span></span></span></span></span></span><span><span><span><span><span><span><span>solicitou a reforma de duas pontes e a constru\u00e7\u00e3o de passarela de pedestres no bairro Village I.<br /> <br /> </span></span></span></span></span></span></span><span><span><span><span><span><span><b><span>Tr\u00e2nsito e mobilidade<br /> </span></b></span></span></span></span></span></span></p>\r\n<p align=\"left\" class=\"western\" style=\"text-align: justify; \"><span><span><span><span><span><span><span>O </span></span></span></span></span></span></span><span><span><span><span><span><span><span>r</span></span></span></span></span></span></span><span><span><span><span><span><span><span>equerimento n\u00ba 363/2025, do vereador Wilton Dias </span></span></span></span></span></span></span><span><span><span><span><span><span><span>(Avante)</span></span></span></span></span></span></span><span><span><span><span><span><span><span>, solicita a instala\u00e7\u00e3o de um sem\u00e1foro na </span></span></span></span></span></span></span><span><span><span><span><span><span><span>avenida</span></span></span></span></span></span></span><span><span><span><span><span><span><span> Nossa Senhora de F\u00e1tima, em frente ao Hospital Pr\u00f3-Vida, no bairro Maracan\u00e3.<br /> A vereadora Carol Figueiredo, no </span></span></span></span></span></span></span><span><span><span><span><span><span><span>r</span></span></span></span></span></span></span><span><span><span><span><span><span><span>equerimento n\u00ba 358/2025, pediu a instala\u00e7\u00e3o de grades de prote\u00e7\u00e3o para pedestres e melhorias na sinaliza\u00e7\u00e3o da ponte entre os bairros Delfino e Novo Delfino.<br /> <br /> </span></span></span></span></span></span></span><span><span><span><span><span><span><b><span>Esporte e educa\u00e7\u00e3o<br /> </span></b></span></span></span></span></span></span></p>\r\n<p align=\"left\" class=\"western\" style=\"text-align: justify; \"><span><span><span><span><span><span><span>O vereador Igor Dias </span></span></span></span></span></span></span><span><span><span><span><span><span><span>(PRD)</span></span></span></span></span></span></span><span><span><span><span><span><span><span>, por meio do </span></span></span></span></span></span></span><span><span><span><span><span><span><span>r</span></span></span></span></span></span></span><span><span><span><span><span><span><span>equerimento n\u00ba 359/2025, prop\u00f4s a cria\u00e7\u00e3o de um complexo esportivo no bairro Regina Peres, nas proximidades do Gin\u00e1sio Tancredo Neves.<br /> J\u00e1 o </span></span></span></span></span></span></span><span><span><span><span><span><span><span>r</span></span></span></span></span></span></span><span><span><span><span><span><span><span>equerimento n\u00ba 364/2025, do vereador PC Landim </span></span></span></span></span></span></span><span><span><span><span><span><span><span>(Avante)</span></span></span></span></span></span></span><span><span><span><span><span><span><span>, solicitou que a modalidade de badminton - um jogo de raquete e volante jogado em uma quadra por dois jogadores individuais ou por equipes em duplas - seja inclu\u00edda nas aulas de educa\u00e7\u00e3o f\u00edsica das escolas municipais.<br /> O</span></span></span></span></span></span></span><span><span><span><span><span><span><span>s</span></span></span></span></span></span></span><span><span><span><span><span><span><span> vereador</span></span></span></span></span></span></span><span><span><span><span><span><span><span>es</span></span></span></span></span></span></span><span><span><span><span><span><span><span> Daniel Dias </span></span></span></span></span></span></span><span><span><span><span><span><span><span>e Rena de Nova Esperan\u00e7a (Uni\u00e3o)</span></span></span></span></span></span></span><span><span><span><span><span><span><span>, apresent</span></span></span></span></span></span></span><span><span><span><span><span><span><span>aram o</span></span></span></span></span></span></span><span><span><span><span><span><span><span> </span></span></span></span></span></span></span><span><span><span><span><span><span><span>r</span></span></span></span></span></span></span><span><span><span><span><span><span><span>equerimento n\u00ba 353/2025, pedindo a oferta de cursos gratuitos de uso de smartphone voltados para idosos, promovendo a inclus\u00e3o digital da terceira idade.<br /> A vereadora Cec</span></span></span></span></span></span></span><span><span><span><span><span><span><span>i Protetora (PRD)</span></span></span></span></span></span></span><span><span><span><span><span><span><span>, no </span></span></span></span></span></span></span><span><span><span><span><span><span><span>r</span></span></span></span></span></span></span><span><span><span><span><span><span><span>equerimento n\u00ba 365/2025, solicitou a elabora\u00e7\u00e3o de um Plano Municipal de Pol\u00edticas P\u00fablicas para a popula\u00e7\u00e3o LGBTQIAPN+, com base nas propostas aprovadas na Confer\u00eancia Municipal realizada em abril.<br /> <br /> </span></span></span></span></span></span></span><span><span><span><span><span><span><b><span>Habita\u00e7\u00e3o e servi\u00e7o p\u00fablico<br /> </span></b></span></span></span></span></span></span></p>\r\n<p align=\"left\" class=\"western\" style=\"text-align: justify; \"><span><span><span><span><span><span><span><span>No </span></span></span></span></span></span></span></span><span><span><span><span><span><span><span><span>r</span></span></span></span></span></span></span></span><span><span><span><span><span><span><span><span>equerimento n\u00ba 362/2025, o vereador Eduardo </span></span></span></span></span></span></span></span><span><span><span><span><span><span><span><span>Preto (Pode) </span></span></span></span></span></span></span></span><span><span><span><span><span><span><span><span>encaminhou anteprojeto de lei que prop\u00f5e a cria\u00e7\u00e3o do Programa Municipal de Melhorias Habitacionais em Moradias Prec\u00e1rias.<br /> O vereador Cl\u00e1udio Rodrigues </span></span></span></span></span></span></span></span><span><span><span><span><span><span><span><span>(Cidadania)</span></span></span></span></span></span></span></span><span><span><span><span><span><span><span><span>, por meio do </span></span></span></span></span></span></span></span><span><span><span><span><span><span><span><span>r</span></span></span></span></span></span></span></span><span><span><span><span><span><span><span><span>equerimento n\u00ba 361/2025, solicitou ao Executivo e \u00e0 Procuradoria-Geral do Munic\u00edpio a viabilidade do pagamento do abono de perman\u00eancia aos servidores que t\u00eam processos administrativos em tramita\u00e7\u00e3o.<br /> <br /> </span></span></span></span></span></span></span></span><span><span><span><span><span><span><span>_______________________________________</span></span></span></span></span></span></span></p>\r\n<p align=\"justify\" class=\"western\" style=\"text-align: justify; \"><span><span><span><span><span><span><span>C\u00e2mara Municipal de Montes Claros</span></span></span></span></span></span></span></p>\r\n<p align=\"justify\" class=\"western\" style=\"text-align: justify; \"><span><span><span><span><span><span><span>Assessoria de Comunica\u00e7\u00e3o Social</span></span></span></span></span></span></span></p>\r\n<p align=\"justify\" class=\"western\" style=\"text-align: justify; \"><span><span><span><span><span><span><span>Contatos:(38) 3690-5504 | 3690-5506 \u2013\u00a0</span></span></span></span></span></span></span><span><a href=\"mailto:ascom@montesclaros.mg.leg.br\"><span><span><span><span><span><span><span><span><span>ascom@montesclaros.mg.leg.br</span></span></span></span></span></span></span></span></span></a></span></p>\r\n<p align=\"justify\" class=\"western\" style=\"text-align: justify; \"><span><span><span><span><span><span><span>Facebook:\u00a0</span></span></span></span></span></span></span><span><a href=\"http://www.facebook.com/camaramoc\" target=\"_blank\"><span><span><span><span><span><span><span><span><span>www.facebook.com/camaramoc</span></span></span></span></span></span></span></span></span></a></span></p>\r\n<p align=\"justify\" class=\"western\" style=\"text-align: justify; \"><span><span><span><span><span><span><span>Twitter:\u00a0</span></span></span></span></span></span></span><span><a href=\"https://twitter.com/camaramoc\" target=\"_blank\"><span><span><span><span><span><span><span><span><span>https://twitter.com/camaramoc</span></span></span></span></span></span></span></span></span></a></span></p>\r\n<p align=\"justify\" class=\"western\" style=\"text-align: justify; \"><span><span><span><span><span><span><span>Instagram:\u00a0</span></span></span></span></span></span></span><span><a href=\"http://www.instagram.com/camaramoc\" target=\"_blank\"><span><span><span><span><span><span><span><span><span>www.instagram.com/camaramoc</span></span></span></span></span></span></span></span></span></a></span></p>\r\n<p align=\"justify\" class=\"western\" style=\"text-align: justify; \"><span><span><span><span><span><span><span>Site:\u00a0</span></span></span></span></span></span></span><span><a href=\"https://montesclaros.mg.leg.br/\" target=\"_blank\"><span><span><span><span><span><span><span><span><span>https://montesclaros.mg.leg.br</span></span></span></span></span></span></span></span></span></a></span></p>\r\n<p class=\"western\" style=\"text-align: justify; \">\u00a0</p>\r\n<p align=\"left\" style=\"text-align: justify; \">\u00a0</p>", "author_name": "", "version": "1.0", "author_url": "https://www.montesclaros.mg.leg.br/author/gisseleoliveira", "provider_name": "Montes Claros", "type": "rich"}