{"provider_url": "https://www.montesclaros.mg.leg.br", "title": "Banda de m\u00fasica da PM \u00e9 homenageada", "html": "<p align=\"justify\" class=\"western\" style=\"text-align: left; \"><em>Por Gissele Niza</em></p>\r\n<p align=\"justify\" class=\"western\">\u00a0</p>\r\n<p align=\"justify\" class=\"western\">A C\u00e2mara de Vereadores realizou na \u00faltima sexta-feira (28), homenagem \u00e0 banda de m\u00fasica da 11\u00aa Regi\u00e3o de Pol\u00edcia Militar, que completou 65 anos. A homenagem foi proposta pelo vereador Marcos Nem (PSC).</p>\r\n<p align=\"justify\" class=\"western\">O presidente da Casa, vereador Junior Martins (Cidadania), o segundo-secret\u00e1rio da mesa diretora, vereador Wilton Dias (PTB) e o vereador Marcos Nem (PSC), representaram os vereadores e entregaram ao maestro Tenente M\u00fasico Paulo Roberto Cruz Gomes, uma placa em homenagem aos integrantes da banda de m\u00fasica da PM, durante o concerto sinf\u00f4nico \u201cO Som da Vida\u201d.</p>\r\n<p align=\"justify\" class=\"western\">\u201cEm meio \u00e0 harmonia das notas musicais, aos sons de seus instrumentos e \u00e0 habilidade e sensibilidade de seus integrantes que, ao longo dos \u00faltimos 65 anos, a Banda de M\u00fasica, patrim\u00f4nio do povo norte-mineiro, vem encantando ouvidos e preenchendo olhares e cora\u00e7\u00f5es de esperan\u00e7a\u201d, afirmou Junior Martins. <br /> O comandante da 11\u00aa RPM, coronel C\u00e9sar Willian Passos, destacou a gratid\u00e3o aos integrantes da banda de m\u00fasica que, ao longo de todos esses anos, percorreu v\u00e1rios caminhos, sempre com o compromisso de aproximar a Pol\u00edcia Militar de Minas Gerais dos cidad\u00e3os, por meio da intera\u00e7\u00e3o social.</p>\r\n<p align=\"justify\" class=\"western\">\u201cAo cumprirem o seu papel junto \u00e0 sociedade e na nossa Institui\u00e7\u00e3o, os nossos valorosos m\u00fasicos, regidos pelo tenente m\u00fasico Paulo Roberto Cruz Gomes, testemunharam momentos de alegria, manifesta\u00e7\u00f5es de civismo, devo\u00e7\u00e3o, como\u00e7\u00e3o e comemora\u00e7\u00e3o. Foi assim que, durante as \u00faltimas seis d\u00e9cadas, a qualidade musical da Banda de M\u00fasica da 11\u00aa RPM atravessou os muros dos quart\u00e9is e conquistou o p\u00fablico da nossa regi\u00e3o\u201d, declarou o comandante.</p>\r\n<p align=\"justify\" class=\"western\"><br /> <b>Concerto</b><br /> <br /> O \u201cI Concerto Sinf\u00f4nico \"O Som da Vida\u201d foi realizado na pra\u00e7a da Catedral e contou com a presen\u00e7a de centenas de pessoas de Montes Claros e regi\u00e3o. O objetivo foi incentivar a valoriza\u00e7\u00e3o da vida por meio da m\u00fasica e da integra\u00e7\u00e3o entre v\u00e1rios \u00f3rg\u00e3os e entidades. Participaram do evento as Bandas de M\u00fasica da 11\u00aa RPM e do 55\u00ba BI, a Orquestra do Conservat\u00f3rio Estadual de M\u00fasica Lorenzo Fernandez, a Guarda Municipal de Montes Claros, JK Jazz Band de Diamantina, os corais da Arquidiocese e o L\u00edrico Bezzi, al\u00e9m de m\u00fasicos, cantores e instrumentistas convidados da cidade.</p>\r\n<p align=\"justify\" class=\"western\">\u00a0</p>\r\n<p align=\"justify\" class=\"western\">_______________________________</p>\r\n<p align=\"left\" class=\"western\"><b>C\u00e2mara Municipal de Montes Claros</b><br /> Assessoria de Comunica\u00e7\u00e3o Social<br /> Contatos:(38) 3690-5504 | 3690-5506 \u2013<a href=\"mailto:ascom@montesclaros.mg.leg.br\" target=\"_self\">ascom@montesclaros.mg.leg.br</a><br /> Facebook\u00a0<a href=\"http://www.facebook.com/camaramoc\" target=\"_blank\">www.facebook.com/camaramoc</a><br /> Twitter:<a href=\"https://twitter.com/camaramoc\" target=\"_blank\">https://twitter.com/camaramoc</a><br /> Instagram:<a href=\"http://www.instagram.com/camaramoc\" target=\"_blank\">www.instagram.com/camaramoc</a><br /> <a href=\"https://montesclaros.mg.leg.br/\" target=\"_blank\">https://montesclaros.mg.leg.br</a></p>", "author_name": "", "version": "1.0", "author_url": "https://www.montesclaros.mg.leg.br/author/gisseleoliveira", "provider_name": "Montes Claros", "type": "rich"}