{"provider_url": "https://www.montesclaros.mg.leg.br", "title": "Bairro Major Prates recebe homenagem", "html": "<p align=\"justify\" style=\"text-align: justify; \"><span><span>Por C\u00e1ssia Soares</span></span></p>\r\n<p align=\"justify\" style=\"text-align: justify; \"><span><span>Na noite desta quinta-feira (7/3), a C\u00e2mara de Vereadores Montes Claros realizou sess\u00e3o especial para celebrar os 60 anos do bairro Major Prates. Para receber a homenagem foram convidadas 60 fam\u00edlias como representantes dos moradores. Outras dez mulheres tamb\u00e9m foram homenageadas em comemora\u00e7\u00e3o ao Dia Internacional da Mulher. Entre os convidados estavam vereadores e deputados, autoridades civis e militares, al\u00e9m de moradores do bairro.</span></span></p>\r\n<p align=\"justify\" style=\"text-align: justify; \"><span><span>O vereador Wilton Dias (PTB), autor da proposi\u00e7\u00e3o, disse que o bairro Major Prates \u00e9 um s\u00edmbolo da for\u00e7a e da ess\u00eancia do povo montes-clarense e norte-mineiro, j\u00e1 que, ao longo de sua exist\u00eancia tem sido palco de hist\u00f3rias de supera\u00e7\u00e3o e trabalho. O parlamentar destacou a import\u00e2ncia do bairro como principal centro comercial independente de Montes Claros. \u201cL\u00e1, encontramos o pulsar da economia local, a diversidade de com\u00e9rcios e servi\u00e7os que atendem \u00e0s necessidades de nossa popula\u00e7\u00e3o\u201d, disse.<br /> </span></span></p>\r\n<p align=\"justify\" style=\"text-align: justify; \"><span><span>O desenvolvimento econ\u00f4mico do bairro Major Prates tamb\u00e9m foi citado pelo procurador do Munic\u00edpio, Ot\u00e1vio Rocha, ao considerar que o Major Prates, \u00e9 um dos bairros mais desenvolvidos de Montes Claros como um centro econ\u00f4mico que pode ser comparado at\u00e9 mesmo com algumas cidades do Brasil.</span></span><span>\u00a0</span></p>\r\n<p align=\"justify\" style=\"text-align: justify; \"><span><span>O deputado estadual, Arlen Santiago (Avante), fez refer\u00eancia ao in\u00edcio da hist\u00f3ria do bairro e parabenizou um dos primeiros moradores do bairro, seu Bilu, que no pr\u00f3ximo m\u00eas completar\u00e1 100 anos, e acompanha a trajet\u00f3ria do bairro. O parlamentar destacou ainda, como um legado dessa hist\u00f3ria, a exist\u00eancia do parque municipal Milton Prates que, segundo ele, deve ser preservado e disponibilizado de forma gratuita para uso da popula\u00e7\u00e3o, como foi o prop\u00f3sito inicial do seu idealizador.</span></span></p>\r\n<p align=\"justify\" style=\"text-align: justify; \"><span><span>O comunicador e l\u00edder comunit\u00e1rio Aur\u00e9lio Vidal, representando os moradores do bairro, recebeu a homenagem e participou da entrega de certificados aos representantes das 60 fam\u00edlias e \u00e0s dez mulheres homenageadas.</span></span></p>\r\n<p align=\"justify\" style=\"text-align: justify; \"><strong><span>Bairro Major Prates</span></strong></p>\r\n<p align=\"justify\" style=\"text-align: justify; \"><span>Localizado na regi\u00e3o sul de Montes Claros, o bairro Major Prates foi fundado em 18 de fevereiro de 1964. O local era uma fazenda de propriedade de Milton Prates, que loteou o terreno na d\u00e9cada de 1960. Com uma boa localiza\u00e7\u00e3o, o bairro atraiu compradores da zona rural e da constru\u00e7\u00e3o civil. Considerado, na \u00e9poca, distante do centro da cidade, o Major Prates se transformou em um importante centro comercial para atender as necessidades dos moradores. Hoje, cercado por v\u00e1rios bairros, \u00e9 tamb\u00e9m conhecido por Grande Major Prates.</span></p>\r\n<p align=\"justify\" style=\"text-align: justify; \">\u00a0<span>_______________________________________</span></p>\r\n<p align=\"justify\"><span><span>C\u00e2mara Municipal de Montes Claros</span></span></p>\r\n<p align=\"justify\"><span><span>Assessoria de Comunica\u00e7\u00e3o Social</span></span></p>\r\n<p align=\"justify\"><span><span>Contatos:(38) 3690-5504 | 3690-5506 \u2013 <a href=\"mailto:ascom@montesclaros.mg.leg.br\">ascom@montesclaros.mg.leg.br</a> </span></span></p>\r\n<p align=\"justify\"><span><span>Facebook: <a href=\"http://www.facebook.com/camaramoc\">www.facebook.com/camaramoc</a> </span></span></p>\r\n<p align=\"justify\"><span><span>Twitter: <a href=\"https://twitter.com/camaramoc\">https://twitter.com/camaramoc</a> </span></span></p>\r\n<p align=\"justify\"><span><span>Instagram: <a href=\"http://www.instagram.com/camaramoc\">www.instagram.com/camaramoc</a></span></span></p>\r\n<p align=\"justify\"><span><span>Site: <a href=\"https://montesclaros.mg.leg.br/\">https://montesclaros.mg.leg.br</a> </span></span></p>\r\n<p align=\"justify\" style=\"text-align: justify; \"><span><span><br /></span></span></p>", "author_name": "", "version": "1.0", "author_url": "https://www.montesclaros.mg.leg.br/author/cassia.soares", "provider_name": "Montes Claros", "type": "rich"}