{"provider_url": "https://www.montesclaros.mg.leg.br", "title": "Apraxia de fala ganha Dia Municipal", "html": "<p class=\"western\"><span><span><span>Por Mariana Vitorino</span></span></span><span><span><b> </b></span></span></p>\r\n<p class=\"western\">\u00a0</p>\r\n<p class=\"western\"><span>Durante a reuni\u00e3o ordin\u00e1ria desta ter\u00e7a-feira (10) a</span><span><span> situa\u00e7\u00e3o de algumas \u00e1reas de Montes Claros foi pauta. Assuntos como drenagens, fia\u00e7\u00e3o e pavimenta\u00e7\u00e3o foram levantadas. Al\u00e9m disso, cria\u00e7\u00e3o do Dia Municipal da Apraxia de Fala teve destaque. </span></span></p>\r\n<p class=\"western\"><span>O vereador Soter Magno (PSD) em seu discurso mencionou sobre a import\u00e2ncia da conscientiza\u00e7\u00e3o sobre a Apraxia de Fala \u2013 AFI. Al\u00e9m disso, o projeto do parlamentar para a cria\u00e7\u00e3o de um Dia Municipal de Conscientiza\u00e7\u00e3o foi votado por unanimidade. Segundo Soter, \u00e9 preciso que a sociedade esteja atento \u00e0s crian\u00e7as, pois \u00e9 a idade que mais diagnostica o dist\u00farbio, e trabalhar a necessidade da aten\u00e7\u00e3o para esse assunto. O dia ficou institu\u00eddo 14 de mar\u00e7o.</span></p>\r\n<p class=\"western\"><span>A apraxia da fala (AFI) \u00e9 um dist\u00farbio neurol\u00f3gico que dificulta a fala, pois afeta a capacidade de articular os m\u00fasculos envolvidos no ato de falar. A AFI pode ser adquirida em qualquer idade ou ser desenvolvimental, ou seja, a pessoa nasce com ela.</span></p>\r\n<p class=\"western\"><b>Infraestrutura em pauta</b></p>\r\n<p class=\"western\"><span>A vereadora Maria Helena (MDB) e o vereador Soter, cobraram solu\u00e7\u00e3o para a fia\u00e7\u00e3o soutas nas ruas apresentando riscos \u00e0 popula\u00e7\u00e3o e deixando a cidade feia. Os parlamentares pediram uma provid\u00eancia por parte da Prefeitura, Cemig e empresas telef\u00f4nicas.</span></p>\r\n<p class=\"western\"><span>Maria Helena tamb\u00e9m abordou sobre a rua Quinca Souto, na Vila Atl\u00e2ntica. \u201ceu fiquei assustada com aquela rua, que \u00e9 uma rua de acesso. A situa\u00e7\u00e3o l\u00e1 \u00e9 intransit\u00e1vel\u201d, afirma. A parlamentar refor\u00e7ou, ainda, a necessidade de drenagem nos bairros Santa Rafaela e Canelas.</span></p>\r\n<p class=\"western\"><span>O vereador Le\u00e3ozinho (Uni\u00e3o) pediu ao executivo que execute a drenagem das Rua A, no Vila Sion, e 17 no bairro Alto da Boa Vista, porque ambas ficam intransit\u00e1veis e as casas dos moradores s\u00e3o inundadas.</span></p>\r\n<p class=\"western\"><span>Marlus do Independ\u00eancia (PSD) solicitou recapeamento </span><span>na avenida Independ\u00eancia e Imperatriz, que, segundo o parlamentar, nesse per\u00edodo de chuva abre bastante buracos.</span></p>\r\n<p class=\"western\"><span>Em discurso, o vereador Stalin Cordeiro (Uni\u00e3o) garantiu que o novo prefeito </span><span>continuar\u00e1 a pavimenta\u00e7\u00e3o na avenida Ermelina Sena. Foi solicitado tamb\u00e9m o recapeamento da outra parte da Leonel Beir\u00e3o de Jesus, no trecho que liga at\u00e9 a Ceanorte.</span></p>\r\n<p class=\"western\"><span>O vereador Junior Martins (PP) celebrou a finaliza\u00e7\u00e3o da coloca\u00e7\u00e3o das vigas na ponte que liga o bairro Alice Maia e Edgar Pereira, e afirmou que \u00e9 uma importante obra para a regi\u00e3o.</span></p>\r\n<p class=\"western\">\u00a0</p>\r\n<p class=\"western\">\u00a0<span>_________________</span></p>\r\n<p class=\"western\"><span> <br /> C\u00e2mara Municipal de Montes Claros<br /> Assessoria de Comunica\u00e7\u00e3o Social<br /> Contatos:(38) 3690-5504 | 3690-5506 \u2013 ascom@montesclaros.mg.leg.br<br /> Facebook: www.facebook.com/camaramoc<br /> Twitter: https://twitter.com/camaramoc<br /> Instagram: www.instagram.com/camaramoc<br /> Site: https://montesclaros.mg.leg.br</span></p>", "author_name": "", "version": "1.0", "author_url": "https://www.montesclaros.mg.leg.br/author/mariana.vitorino", "provider_name": "Montes Claros", "type": "rich"}