{"provider_url": "https://www.montesclaros.mg.leg.br", "title": "Agenda da semana com sess\u00f5es especiais", "html": "<p align=\"justify\" class=\"western\"><span><span><span><span><span>A C\u00e2mara Municipal de Montes Claros promover\u00e1, na pr\u00f3xima semana, duas </span></span></span><span><span><span>sess\u00f5es especiais</span></span></span><span><span><span>, al\u00e9m da reuni\u00e3o ordin\u00e1ria que acontece na ter\u00e7a-feira (</span></span></span><span><span><span>02</span></span></span><span><span><span>), \u00e0s 7h45.</span></span></span> </span></span></p>\r\n<p align=\"justify\" class=\"western\"><span><span><span><span>Na quarta-feira (03/12), \u00e0s 19h, ser\u00e1 concedido o T\u00edtulo de Cidad\u00e3o Honor\u00e1rio ao p\u00e1roco da Par\u00f3quia Nossa Senhora do Carmo, padre J\u00e2nio Cesar Barbosa dos Santos. A homenagem \u00e9 de autoria do vereador Eduardo Preto (Pode) e reconhece o trabalho pastoral e comunit\u00e1rio desenvolvido pelo religioso na cidade.</span></span></span></span></p>\r\n<p align=\"justify\" class=\"western\"><span><span>J\u00e1 na quinta-feira (04/12), tamb\u00e9m \u00e0s 19h, a C\u00e2mara entregar\u00e1 a Placa Alferes Jos\u00e9 Lopes de Carvalho \u00e0 Associa\u00e7\u00e3o Brasileira das Mulheres de Carreira Jur\u00eddica (ABMCJ), em celebra\u00e7\u00e3o aos 40 anos da entidade. A iniciativa \u00e9 do vereador Wilton Dias (Avante) e destaca a atua\u00e7\u00e3o da institui\u00e7\u00e3o na promo\u00e7\u00e3o da representatividade feminina no universo jur\u00eddico.</span></span></p>\r\n<p align=\"justify\" class=\"western\"><span><span>As homenagens integram o calend\u00e1rio legislativo da semana e refor\u00e7am o papel da Casa na valoriza\u00e7\u00e3o de pessoas e institui\u00e7\u00f5es que contribuem para a vida social, comunit\u00e1ria e profissional de Montes Claros.</span></span></p>\r\n<p align=\"left\" class=\"western\"><span><span><span><span><span><i>_____________________________________</i></span></span></span></span></span></p>\r\n<p align=\"left\" class=\"western\"><span><span><span><span><span><span><b>C\u00e2mara Municipal de Montes Claros<br /></b></span></span></span></span></span></span><span>Assessoria de Comunica\u00e7\u00e3o Social<br />Contatos:(38) 3690-5504 | 3690-5506 \u2013 ascom@montesclaros.mg.leg.br<br />Facebook:\u00a0</span><span><span><span><span><span><span><span><span><span><a href=\"http://www.facebook.com/camaramoc\" target=\"_blank\">www.facebook.com/camaramoc<br /></a></span></span></span></span></span></span></span></span></span><span>Twitter:\u00a0</span><span><span><span><span><span><span><span><span><span><a href=\"https://twitter.com/camaramoc\" target=\"_blank\">https://twitter.com/camaramoc<br /></a></span></span></span></span></span></span></span></span></span><span>Instagram:\u00a0</span><a href=\"http://www.instagram.com/camaramoc\" target=\"_blank\">www.instagram.com/camaramoc<br /></a><a href=\"https://montesclaros.mg.leg.br/\" target=\"_blank\">https://montesclaros.mg.leg.br</a>\u00a0</p>", "author_name": "", "version": "1.0", "author_url": "https://www.montesclaros.mg.leg.br/author/rayhanne.tallis", "provider_name": "Montes Claros", "type": "rich"}