{"provider_url": "https://www.montesclaros.mg.leg.br", "title": "192 anos de hist\u00f3ria", "html": "<p style=\"text-align: justify; \">Por Christine Antonini</p>\r\n<p align=\"justify\" style=\"text-align: justify; \">16 de dezembro foi o dia escolhido pelo legislador como a data comemorativa de anivers\u00e1rio, atrav\u00e9s da Resolu\u00e7\u00e3o n\u00ba 13, de 08 de maio de 2003. A escolha da data faz alus\u00e3o ao dia 16 de dezembro de 1947, quando foi reinstalado o Poder Legislativo municipal e ocorreu a primeira sess\u00e3o ordin\u00e1ria da C\u00e2mara de Vereadores, ap\u00f3s o per\u00edodo em que a atividade parlamentar foi interrompida, durante o Governo de Get\u00falio Vargas.</p>\r\n<p align=\"justify\" style=\"text-align: justify; \">Em seu artigo primeiro, a Resolu\u00e7\u00e3o cria v\u00e1rias Vilas na Prov\u00edncia de Minas Gerais, antes denominadas de 'Povoa\u00e7\u00f5es' ou 'Arraiais', incluindo a de Formigas - antigo nome de Montes Claros.</p>\r\n<p align=\"justify\" style=\"text-align: justify; \">No artigo segundo, para cada Vila, s\u00e3o criadas as C\u00e2maras Municipais, principal institui\u00e7\u00e3o da estrutura administrativa da Vila, que favorece seu desenvolvimento em v\u00e1rios aspectos, como o urbano e o econ\u00f4mico. A primeira elei\u00e7\u00e3o da C\u00e2mara de Vereadores da Vila de Montes Claros de Formigas ocorreu em 23 de julho de 1832 e, em 16 de outubro do mesmo ano, a C\u00e2mara foi, solenemente, instalada.</p>\r\n<p align=\"justify\" style=\"text-align: justify; \">\u00a0</p>\r\n<p align=\"justify\" style=\"text-align: justify; \">\u00a0</p>\r\n<p align=\"justify\" style=\"text-align: justify; \"><span><span><span><span><span><i>______________________________________________</i></span></span></span></span></span></p>\r\n<p align=\"left\" style=\"text-align: justify; \"><span><span><span><span><span><span><b>C\u00e2mara Municipal de Montes Claros</b></span></span></span></span></span></span><span><br />Assessoria de Comunica\u00e7\u00e3o Social<br />Contatos:(38) 3690-5504 | 3690-5506 \u2013\u00a0</span><a href=\"mailto:ascom@montesclaros.mg.leg.br\"><span>ascom@montesclaros.mg.leg.br</span></a><span><br />Facebook:\u00a0</span><a href=\"http://www.facebook.com/camaramoc\" target=\"_blank\"><span>www.facebook.com/camaramoc</span></a><span><br />Twitter: https<a href=\"https://twitter.com/camaramoc\" target=\"_blank\">://twitter.com/camaramoc</a><br />Instagram: www.</span><a href=\"http://www.instagram.com/camaramoc\" target=\"_blank\"><span>instagram.com/camaramoc</span></a><span><br />Site:\u00a0</span><a href=\"https://montesclaros.mg.leg.br/\" target=\"_blank\"><span>https://montesclaros.mg.leg.br</span></a></p>\r\n<p style=\"text-align: justify; \">\u00a0</p>", "author_name": "", "version": "1.0", "author_url": "https://www.montesclaros.mg.leg.br/author/cristine", "provider_name": "Montes Claros", "type": "rich"}