{"provider_url": "https://www.montesclaros.mg.leg.br", "title": "11\u00aa Subse\u00e7\u00e3o da OAB recebe homenagem ", "html": "<p align=\"justify\" class=\"western\"><em>Por Gissele Niza </em></p>\r\n<p align=\"justify\" class=\"western\">\u00a0</p>\r\n<p align=\"justify\" class=\"western\"><span><span>A C\u00e2mara Municipal de Montes Claros realizou nessa quarta-feira (05/04), Sess\u00e3o Especial de Homenagem \u00e0 11\u00aa Subse\u00e7\u00e3o da OAB \u2013 Ordem dos Advogados do Brasil, em reconhecimento pelos relevantes servi\u00e7os prestados \u00e0 cidade. O evento contou com a presen\u00e7a de autoridades civis, militares, membros da OAB, advogados, amigos e familiares. </span></span></p>\r\n<p align=\"justify\" class=\"western\"><span><span>A proponente da homenagem, vereadora Professora Iara Pimentel (PT) afirmou que a 11\u00aa Subse\u00e7\u00e3o da OAB/MG em Montes Claros tem grande import\u00e2ncia para advogados e para toda a popula\u00e7\u00e3o, uma vez que defende a \u00e9tica e os direitos da classe, fiscaliza o exerc\u00edcio da advocacia e promove o acesso \u00e0 justi\u00e7a. </span></span></p>\r\n<p align=\"justify\" class=\"western\"><span><span>\u201c<span><span><span><span>Esta \u00e9 uma institui\u00e7\u00e3o p\u00fablica respons\u00e1vel por defender a Constitui\u00e7\u00e3o, a ordem jur\u00eddica do Estado Democr\u00e1tico de Direito e os direitos humanos, al\u00e9m de promover a representa\u00e7\u00e3o, defesa, sele\u00e7\u00e3o e disciplina dos advogados no Brasil. Em Montes Claros, a OAB se empenha na integra\u00e7\u00e3o de advogados e advogadas, al\u00e9m da garantia de direitos para esses importantes profissionais\u201d, declarou.</span></span></span></span></span></span></p>\r\n<p align=\"justify\" class=\"western\"><span><span>A vice-presidente da 11\u00aa Subse\u00e7\u00e3o da OAB, Graciete Afonso Prioto de Castro, afirmou que a homenagem se estende a todos os advogados de Montes Claros e destacou a for\u00e7a feminina crescente com representatividade perante todas as institui\u00e7\u00f5es. \u201cRepresento todas as mulheres advogadas que hoje tamb\u00e9m s\u00e3o homenageadas. N\u00f3s da 11\u00aa Subse\u00e7\u00e3o da OAB, temos o privil\u00e9gio, nesta gest\u00e3o, de sermos representadas por mulheres, por jovens, em todos os seguimentos da \u00e1rea, em toda a sociedade. Com o nosso lema \u2018Incluir e Avan\u00e7ar\u2019, estamos realizando v\u00e1rios trabalhos, especialmente no enfrentamento a viol\u00eancia contra a mulher, para que elas conhe\u00e7am seus direitos, assim como os jovens e idosos\u201d, disse. </span></span></p>\r\n<p align=\"justify\" class=\"western\"><span>O presidente da entidade, Herbert Alc\u00e2ntara Ferreira, agradeceu toda a Casa Legislativa pelo apoio nas a\u00e7\u00f5es da OAB na valoriza\u00e7\u00e3o dos mais de 5.000 advogados da cidade e, especialmente, pela honraria concedida.</span></p>\r\n<p align=\"justify\" class=\"western\"><span><span>\"\u00c9 com imensa gratid\u00e3o que recebemos esta honrosa homenagem, que reconhece n\u00e3o apenas a Ordem dos Advogados do Brasil, mas cada advogado e advogada que dedicam suas vidas a essa nobre profiss\u00e3o. Falar de advocacia \u00e9 falar de um sacerd\u00f3cio em prol de cuidar do pr\u00f3ximo. O nosso trabalho \u00e9 um compromisso de defesa literal da sociedade, de seus direitos e valores fundamentais. Essa homenagem \u00e9 um reconhecimento n\u00e3o apenas do nosso esfor\u00e7o individual, mas da import\u00e2ncia crucial que a advocacia desempenha na constru\u00e7\u00e3o de uma sociedade mais justa e igualit\u00e1ria\", declarou. </span></span></p>\r\n<p align=\"justify\" class=\"western\"><strong><span>Hist\u00f3rico</span></strong></p>\r\n<p align=\"justify\" class=\"western\"><span>Em Montes Claros a Ordem dos Advogados do Brasil foi instalada em 1937, ano em que foram implantadas as 12 primeiras Subse\u00e7\u00f5es do Estado de Minas Gerais. Passando por sua diretoria, respeit\u00e1veis profissionais que muito contribu\u00edram para a efetiva\u00e7\u00e3o dos ideais da Ordem em nossa Comarca.</span></p>\r\n<p align=\"justify\" class=\"western\"><span><span>No m\u00eas de agosto de 2009 foi inaugurada a Sede da 11\u00aa Subse\u00e7\u00e3o da Ordem dos Advogados do Brasil em Montes Claros, localizada na Rua Walter Ferreira Barreto, n\u00b0 154, Bairro Ibituruna. Em junho de 2018 foi instalado e inaugurado na Sede da 11\u00aa Subse\u00e7\u00e3o \u2013 Montes Claros o N\u00facleo de Inclus\u00e3o Digital, visando erradicar qualquer forma de exclus\u00e3o da advocacia.</span></span></p>\r\n<p align=\"justify\" class=\"western\"><span><span>A 11\u00aa Subse\u00e7\u00e3o da OAB/MG ainda conta com as salas de apoio aos advogados: Sala OAB F\u00f3rum Gon\u00e7alves Chaves, Sala OAB Justi\u00e7a do Trabalho, Sala OAB Juizado Especial e Vara da Fam\u00edlia, Sala OAB Justi\u00e7a Federal e Sala OAB Pres\u00eddio Regional. </span></span></p>\r\n<p align=\"left\" class=\"western\"><span><span><i><br /></i></span></span></p>\r\n<p align=\"left\" class=\"western\"><span><span><i>______________________________</i></span></span></p>\r\n<p align=\"left\" class=\"western\"><span><span><span><span><span><span><b>C\u00e2mara Municipal de Montes Claros<br /> </b></span></span></span></span></span></span><span><span><span><span><span><span><span>Assessoria de Comunica\u00e7\u00e3o Social<br /> Contatos:(38) 3690-5504 | 3690-5506 \u2013ascom@montesclaros.mg.leg.br<br /> Facebook\u00a0</span></span></span></span></span></span></span><span><a href=\"http://www.facebook.com/camaramoc\" target=\"_blank\"><span><span><span><span><span><span><span><span><span>www.facebook.com/camaramoc<br /> </span></span></span></span></span></span></span></span></span></a></span><span><span><span><span><span><span><span>Twitter:</span></span></span></span></span></span></span><span><a href=\"https://twitter.com/camaramoc\" target=\"_blank\"><span><span><span><span><span><span><span><span><span>https://twitter.com/camaramoc<br /> </span></span></span></span></span></span></span></span></span></a></span><span><span><span><span><span><span><span>Instagram:</span></span></span></span></span></span></span><span><span><span><span><span><a href=\"http://www.instagram.com/camaramoc\" target=\"_blank\">www.instagram.com/camaramoc<br /> </a><a href=\"https://montesclaros.mg.leg.br/\" target=\"_blank\">https://montesclaros.mg.leg.br</a></span></span></span></span></span></p>", "author_name": "", "version": "1.0", "author_url": "https://www.montesclaros.mg.leg.br/author/gisseleoliveira", "provider_name": "Montes Claros", "type": "rich"}