{"provider_url": "https://www.montesclaros.mg.leg.br", "title": "C\u00e2mara em A\u00e7\u00e3o | 2\u00b0 edi\u00e7\u00e3o | Set 2021", "html": "<p style=\"text-align: center; \"><a class=\"external-link\" href=\"https://www.montesclaros.mg.leg.br/camara-em-acao-2deg-edicao-set-2021/at_download/file\" target=\"_self\" title=\"\"><img src=\"https://www.montesclaros.mg.leg.br/imagens/INFOCAMARA0022.0.jpg/@@images/3471e311-a2a6-4f4f-bfe0-567a6e8c90d1.jpeg\" alt=\"\" class=\"image-inline\" title=\"\" /><br /><span>Clique aqui para baixar o arquivo em .pdf</span></a></p>\r\n<p>\u00a0</p>", "author_name": "", "version": "1.0", "author_url": "https://www.montesclaros.mg.leg.br/author/adm", "provider_name": "Montes Claros", "type": "rich"}