{"provider_url": "https://www.montesclaros.mg.leg.br", "title": "C\u00e2mara em A\u00e7\u00e3o | 1\u00b0 edi\u00e7\u00e3o | Jul 2023", "html": "<p>Confira as informa\u00e7\u00f5es da C\u00e2mara Municipal de Montes Claros na 1\u00aa Edi\u00e7\u00e3o do Informativo \u201cC\u00e2mara em A\u00e7\u00e3o\u201d.</p>\r\n<p><a title=\"\" href=\"https://www.montesclaros.mg.leg.br/institucional/informativo/CmaraemAo1edioJul2023.pdf\" class=\"internal-link\" target=\"_self\"><img src=\"https://www.montesclaros.mg.leg.br/Capturadetela20230706154833.png\" alt=\"\" class=\"image-inline\" title=\"\" /></a></p>\r\n<p><strong><a title=\"\" href=\"https://www.montesclaros.mg.leg.br/institucional/informativo/CmaraemAo1edioJul2023.pdf\" class=\"internal-link\" target=\"_self\">Clique aqui para baixar o arquivo em .pdf</a></strong></p>", "author_name": "", "version": "1.0", "author_url": "https://www.montesclaros.mg.leg.br/author/adm", "provider_name": "Montes Claros", "type": "rich"}