{"provider_url": "https://www.montesclaros.mg.leg.br", "title": "SESS\u00c3O ESPECIAL DE HOMENAGEM", "html": "<p><strong>SESS\u00c3O ESPECIAL DE HOMENAGEM</strong><br /><br /><strong>Data</strong>: 14 de dezembro de 2022 | Quarta-feira<br /><strong>Hor\u00e1rio</strong>: 19 horas</p>\r\n<p><em><strong>A Sess\u00e3o integra a programa\u00e7\u00e3o especial em comemora\u00e7\u00e3o dos 190 anos de instala\u00e7\u00e3o da C\u00e2mara Municipal\u00a0 de Montes\u00a0 Claros.</strong></em><br /><br /></p>\r\n<ul>\r\n<li>Outorga do T\u00edtulo de Cidad\u00e3o Honor\u00e1rio Montes Claros ao<strong> Coronel</strong> <strong>Fernando Augusto Alves Ferreira</strong>, comandante do 4\u00ba Comando Operacional de Bombeiros Militar de Minas Gerais<strong></strong><strong></strong></li>\r\n</ul>\r\n<p><strong>\u00a0\u00a0\u00a0\u00a0\u00a0 Proponente</strong>: Vereador Wilton Dias</p>\r\n<p><span>\u00a0</span></p>\r\n<ul>\r\n<li>Outorga do T\u00edtulo de Cidad\u00e3o Benem\u00e9rito Montes Claros ao <strong>Tenente-Coronel Darlan Moreira Soares</strong>, comandante do 7\u00ba Batalh\u00e3o de Bombeiros Militar de Minas Gerais</li>\r\n</ul>\r\n<p><strong>\u00a0\u00a0\u00a0\u00a0\u00a0 Proponente</strong>: Vereador Junior Martins</p>", "author_name": "", "version": "1.0", "author_url": "https://www.montesclaros.mg.leg.br/author/jerusia", "provider_name": "Montes Claros", "type": "rich"}