{"provider_url": "https://www.montesclaros.mg.leg.br", "title": "Mostra da Agricultura Familiar", "html": "<p><strong>MOSTRA DA AGRICULTURA FAMILIAR</strong><br /><strong>Data</strong>: 13 de dezembro de 2021 \u2013 Segunda-feira<br /><strong>Local</strong>: \u00c1rea de acesso e Hall da C\u00e2mara Municipal</p>\r\n<p>A Mostra vai contar com expositores de Montes Claros, divididos em 8 barracas. S\u00e3o produtores atendidos pela Emater-MG, sendo a maior parte deles das comunidades rurais de Montes Claros.</p>\r\n<p>A Mostra tamb\u00e9m contar\u00e1 com Exposi\u00e7\u00e3o dos projetos voltados para a Agricultura Familiar realizados no Norte de Minas pela CODEVASF.</p>\r\n<p>A programa\u00e7\u00e3o da Mostra se encerra com um momento cultural, com apresenta\u00e7\u00e3o musical de Luciano Pacco e Alex Tuta.</p>", "author_name": "", "version": "1.0", "author_url": "https://www.montesclaros.mg.leg.br/author/jerusia", "provider_name": "Montes Claros", "type": "rich"}