{"provider_url": "https://www.montesclaros.mg.leg.br", "title": "Lan\u00e7amento do Parlamento Jovem de Minas 2022", "html": "<p><strong>Lan\u00e7amento do Programa Parlamento Jovem de Minas 2022</strong></p>\r\n<p><strong>Data</strong>: 27/04/2022 | Quarta-feira<br /><strong>Hor\u00e1rio</strong>: 15 horas<br /><strong>Realiza\u00e7\u00e3o</strong>: Escola do Legislativo Professor Artur Leite</p>\r\n<p><br />Neste ano, o Parlamento Jovem de Minas vai debater e formular propostas sobre o tema \u201cSa\u00fade mental do jovem\u201d e os subtemas: \u201cPol\u00edticas p\u00fablicas de preven\u00e7\u00e3o e tratamento em sa\u00fade mental\u201d, \u201cEstrat\u00e9gias da comunidade para promo\u00e7\u00e3o da sa\u00fade mental\u201d e \u201cUso saud\u00e1vel das novas tecnologias\u201d.</p>\r\n<p>No \u00e2mbito da Escola do Legislativo Professor Artur Leite da C\u00e2mara Municipal de Montes Claros, o projeto integra estudantes do Ensino M\u00e9dio das escolas estaduais Professor Pl\u00ednio Ribeiro, Levi Dur\u00e3es Peres, Helena Prates e Professor Alcides Carvalho.</p>\r\n<p>\u00a0</p>\r\n<p><strong>AUTORIDADES CONVIDADAS:</strong></p>\r\n<p><strong>RUTH SCHMITZ DE CASTRO</strong> <br />Gerente geral da Escola do Legislativo da Assembleia Legislativa de Minas Gerais</p>\r\n<p><strong>PROFESSORA SILVANA DIAS OLIVEIRA</strong><br />Representante da Escola Estadual Helena Prates</p>\r\n<p><strong>ANA LU\u00cdSA DUR\u00c3ES</strong><br />Aluna da Escola Estadual Professor Alcides Carvalho</p>", "author_name": "", "version": "1.0", "author_url": "https://www.montesclaros.mg.leg.br/author/jerusia", "provider_name": "Montes Claros", "type": "rich"}