{"provider_url": "https://www.montesclaros.mg.leg.br", "title": "Homenagem Dia das M\u00e3es", "html": "<p><strong>Entrega do Diploma Am\u00e9rica Eleut\u00e9rio Nogueira</strong></p>", "author_name": "", "version": "1.0", "author_url": "https://www.montesclaros.mg.leg.br/author/cristine", "provider_name": "Montes Claros", "type": "rich"}