{"provider_url": "https://www.montesclaros.mg.leg.br", "title": "Homenagem ao Dia das M\u00e3es", "html": "<p>Sess\u00e3o Especial de Entrega do Diploma Am\u00e9rica Eleut\u00e9rio Nogueira em homenagem ao Dia das M\u00e3es.</p>\r\n<table><colgroup><col width=\"22\"> <col width=\"262\"> <col width=\"238\"> </colgroup>\r\n<tbody>\r\n<tr>\r\n<td style=\"padding-left: 0.19cm; \">\r\n<p class=\"western\">\u00a0</p>\r\n</td>\r\n<td style=\"padding-left: 0.19cm; \">\r\n<p class=\"western\"><span><b>VEREADOR (A)</b></span></p>\r\n</td>\r\n<td>\r\n<p class=\"western\"><span><b>HOMENAGEADA</b></span></p>\r\n</td>\r\n</tr>\r\n<tr>\r\n<td style=\"padding-left: 0.19cm; \">\r\n<p align=\"left\" class=\"western\"><span><span><b>1</b></span></span></p>\r\n</td>\r\n<td style=\"padding-left: 0.19cm; \">\r\n<p align=\"left\" class=\"western\"><span><span><b>Aldair Fagundes</b></span></span></p>\r\n</td>\r\n<td>\r\n<p align=\"justify\" class=\"western\"><span><span>Maria Jos\u00e9 Marques De Souza</span></span></p>\r\n</td>\r\n</tr>\r\n<tr>\r\n<td style=\"padding-left: 0.19cm; \">\r\n<p align=\"left\" class=\"western\"><span><span><b>2</b></span></span></p>\r\n</td>\r\n<td style=\"padding-left: 0.19cm; \">\r\n<p align=\"left\" class=\"western\"><span><span><b>Cec\u00edlia Meireles Ferreira</b></span></span></p>\r\n</td>\r\n<td>\r\n<p align=\"left\" class=\"western\"><span><span>Elisa Marli Meireles</span></span></p>\r\n</td>\r\n</tr>\r\n<tr>\r\n<td style=\"padding-left: 0.19cm; \">\r\n<p align=\"left\" class=\"western\"><span><span><b>3</b></span></span></p>\r\n</td>\r\n<td style=\"padding-left: 0.19cm; \">\r\n<p align=\"left\" class=\"western\"><span><span><b>Cl\u00e1udio Rodrigues De Jesus</b></span></span></p>\r\n</td>\r\n<td>\r\n<p align=\"left\" class=\"western\"><span>Luc\u00edlia Ribas</span></p>\r\n</td>\r\n</tr>\r\n<tr>\r\n<td style=\"padding-left: 0.19cm; \">\r\n<p align=\"left\" class=\"western\"><span><span><b>4</b></span></span></p>\r\n</td>\r\n<td style=\"padding-left: 0.19cm; \">\r\n<p align=\"left\" class=\"western\"><span><span><b>Daniel Dias Da Silva</b></span></span></p>\r\n</td>\r\n<td>\r\n<p align=\"left\" class=\"western\"><span><span>Ana Maria Silva Oliva</span></span></p>\r\n</td>\r\n</tr>\r\n<tr>\r\n<td style=\"padding-left: 0.19cm; \">\r\n<p align=\"left\" class=\"western\"><span><span><b>5</b></span></span></p>\r\n</td>\r\n<td style=\"padding-left: 0.19cm; \">\r\n<p align=\"left\" class=\"western\"><span><span><b>Edson Pereira Dos Santos</b></span></span></p>\r\n</td>\r\n<td>\r\n<p align=\"justify\" class=\"western\"><span><span>Maria Do Carmo Pereira Dos Santos</span></span></p>\r\n</td>\r\n</tr>\r\n<tr>\r\n<td style=\"padding-left: 0.19cm; \">\r\n<p align=\"left\" class=\"western\"><span><span><b>6</b></span></span></p>\r\n</td>\r\n<td style=\"padding-left: 0.19cm; \">\r\n<p align=\"left\" class=\"western\"><span><span><b><span>Elair Augusto Pimentel Gomes</span></b></span></span></p>\r\n</td>\r\n<td>\r\n<p align=\"left\" class=\"western\"><span><span><span>Geani Barbosa De Oliveira Freitas</span></span></span></p>\r\n</td>\r\n</tr>\r\n<tr>\r\n<td style=\"padding-left: 0.19cm; \">\r\n<p align=\"left\" class=\"western\"><span><span><b><span>7</span></b></span></span></p>\r\n</td>\r\n<td style=\"padding-left: 0.19cm; \">\r\n<p align=\"left\" class=\"western\"><span><span><b>Eldair Gon\u00e7alves Dos Santos</b></span></span></p>\r\n</td>\r\n<td>\r\n<p align=\"justify\" class=\"western\"><span><span><span>Maria Aparecida Maia</span></span></span></p>\r\n</td>\r\n</tr>\r\n<tr>\r\n<td style=\"padding-left: 0.19cm; \">\r\n<p align=\"left\" class=\"western\"><span><span><b>8</b></span></span></p>\r\n</td>\r\n<td style=\"padding-left: 0.19cm; \">\r\n<p align=\"left\" class=\"western\"><span><span><b><span>Heudes Da Silva Siqueira</span> \u2013 Le\u00e3ozinho</b></span></span></p>\r\n</td>\r\n<td>\r\n<p align=\"left\" class=\"western\"><span><span>Iris Celma Alves De Oliveira</span></span></p>\r\n</td>\r\n</tr>\r\n<tr>\r\n<td style=\"padding-left: 0.19cm; \">\r\n<p align=\"left\" class=\"western\"><span><span><b>9</b></span></span></p>\r\n</td>\r\n<td style=\"padding-left: 0.19cm; \">\r\n<p align=\"left\" class=\"western\"><span><span><b>Profa. Iara de F\u00e1tima Pimentel Veloso</b></span></span></p>\r\n</td>\r\n<td>\r\n<p align=\"left\" class=\"western\"><span><span><span>Geralda Alves De Souza</span></span></span></p>\r\n</td>\r\n</tr>\r\n<tr>\r\n<td style=\"padding-left: 0.19cm; \">\r\n<p align=\"left\" class=\"western\"><span><span><b>10</b></span></span></p>\r\n</td>\r\n<td style=\"padding-left: 0.19cm; \">\r\n<p align=\"left\" class=\"western\"><span><span><b>Igor Gustavo Dias</b></span></span></p>\r\n<p align=\"left\" class=\"western\"><span><span>1\u00ba Secret\u00e1rio E Autor Da Proposi\u00e7\u00e3o</span></span></p>\r\n</td>\r\n<td>\r\n<p align=\"left\" class=\"western\"><span><span><span><span>Adriana Vieira</span></span></span></span></p>\r\n</td>\r\n</tr>\r\n<tr>\r\n<td style=\"padding-left: 0.19cm; \">\r\n<p align=\"left\" class=\"western\"><span><span><b>11</b></span></span></p>\r\n</td>\r\n<td style=\"padding-left: 0.19cm; \">\r\n<p align=\"left\" class=\"western\"><span><span><b>Jos\u00e9 Marcos Martins De Freitas</b></span></span></p>\r\n</td>\r\n<td>\r\n<p align=\"left\" class=\"western\"><span><span>H\u00e9lia Batista Rocha Machado</span></span></p>\r\n</td>\r\n</tr>\r\n<tr>\r\n<td style=\"padding-left: 0.19cm; \">\r\n<p align=\"left\" class=\"western\"><span><span><b>12</b></span></span></p>\r\n</td>\r\n<td style=\"padding-left: 0.19cm; \">\r\n<p align=\"left\" class=\"western\"><span><span><b>Manoel Stalin Costa Cordeiro</b></span></span></p>\r\n</td>\r\n<td>\r\n<p align=\"left\" class=\"western\"><span><span>Maria Neuza Lopes</span></span></p>\r\n</td>\r\n</tr>\r\n<tr>\r\n<td style=\"padding-left: 0.19cm; \">\r\n<p align=\"left\" class=\"western\"><span><span><b>13</b></span></span></p>\r\n</td>\r\n<td style=\"padding-left: 0.19cm; \">\r\n<p align=\"left\" class=\"western\"><span><span><b>Maria Das Gra\u00e7as Gon\u00e7alves Dias</b></span></span></p>\r\n</td>\r\n<td>\r\n<p align=\"left\" class=\"western\"><span>Maria Dur\u00e3es Neto</span></p>\r\n</td>\r\n</tr>\r\n<tr>\r\n<td style=\"padding-left: 0.19cm; \">\r\n<p align=\"left\" class=\"western\"><span><span><b>14</b></span></span></p>\r\n</td>\r\n<td style=\"padding-left: 0.19cm; \">\r\n<p align=\"left\" class=\"western\"><span><span><b>Maria Helena De Quadros Lopes</b></span></span></p>\r\n<p align=\"left\" class=\"western\"><span><span>Vice-Presidente E Autora Da Proposi\u00e7\u00e3o</span></span></p>\r\n</td>\r\n<td>\r\n<p align=\"justify\" class=\"western\"><span><span><span>Maria Celeste Carvalho Costa</span></span></span></p>\r\n</td>\r\n</tr>\r\n<tr>\r\n<td style=\"padding-left: 0.19cm; \">\r\n<p align=\"left\" class=\"western\"><span><span><b>15</b></span></span></p>\r\n</td>\r\n<td style=\"padding-left: 0.19cm; \">\r\n<p align=\"left\" class=\"western\"><span><span><b>Marlus Mendes Soares</b></span></span></p>\r\n</td>\r\n<td>\r\n<p align=\"left\" class=\"western\"><span><span>Patr\u00edcia Pereira Souza</span></span></p>\r\n</td>\r\n</tr>\r\n<tr>\r\n<td style=\"padding-left: 0.19cm; \">\r\n<p align=\"left\" class=\"western\"><span><span><b>16</b></span></span></p>\r\n</td>\r\n<td style=\"padding-left: 0.19cm; \">\r\n<p align=\"left\" class=\"western\"><span><span><b>Martins Lima Filho \u2013 J\u00fanior Martins</b></span></span></p>\r\n<p align=\"left\" class=\"western\"><span><span>Presidente E Autor Da Proposi\u00e7\u00e3o</span></span></p>\r\n</td>\r\n<td>\r\n<p align=\"left\" class=\"western\"><span><span>Maria De F\u00e1tima Gon\u00e7alves De Oliveira</span></span></p>\r\n</td>\r\n</tr>\r\n<tr>\r\n<td style=\"padding-left: 0.19cm; \">\r\n<p align=\"left\" class=\"western\"><span><span><b>17</b></span></span></p>\r\n</td>\r\n<td style=\"padding-left: 0.19cm; \">\r\n<p align=\"left\" class=\"western\"><span><span><b>Odair Ferreira Oliveira</b></span></span></p>\r\n</td>\r\n<td>\r\n<p align=\"left\" class=\"western\"><span><span><span>Rosilene Pereira Dos Santos</span></span></span></p>\r\n</td>\r\n</tr>\r\n<tr>\r\n<td style=\"padding-left: 0.19cm; \">\r\n<p align=\"left\" class=\"western\"><span><span><b>18</b></span></span></p>\r\n</td>\r\n<td style=\"padding-left: 0.19cm; \">\r\n<p align=\"left\" class=\"western\"><span><span><b>Raimundo Pereira Da Silva</b></span></span></p>\r\n</td>\r\n<td>\r\n<p align=\"left\" class=\"western\"><span><span>Bernadete De Jesus Campos</span></span></p>\r\n</td>\r\n</tr>\r\n<tr>\r\n<td style=\"padding-left: 0.19cm; \">\r\n<p align=\"left\" class=\"western\"><span><span><b>19</b></span></span></p>\r\n</td>\r\n<td style=\"padding-left: 0.19cm; \">\r\n<p align=\"left\" class=\"western\"><span><span><b>Reinaldo Barbosa Da Silva</b></span></span></p>\r\n</td>\r\n<td>\r\n<p align=\"left\" class=\"western\"><span><span>Maria Rita Da Silva Freitas </span></span></p>\r\n</td>\r\n</tr>\r\n<tr>\r\n<td style=\"padding-left: 0.19cm; \">\r\n<p align=\"left\" class=\"western\"><span><span><b>20</b></span></span></p>\r\n</td>\r\n<td style=\"padding-left: 0.19cm; \">\r\n<p align=\"left\" class=\"western\"><span><span><b>Rodrigo Maia Oliveira</b></span></span></p>\r\n</td>\r\n<td>\r\n<p align=\"left\" class=\"western\">\u00a0</p>\r\n</td>\r\n</tr>\r\n<tr>\r\n<td style=\"padding-left: 0.19cm; \">\r\n<p align=\"left\" class=\"western\"><span><span><b>21</b></span></span></p>\r\n</td>\r\n<td style=\"padding-left: 0.19cm; \">\r\n<p align=\"left\" class=\"western\"><span><span><b>Soter Magno Carmo</b></span></span></p>\r\n</td>\r\n<td>\r\n<p align=\"justify\" class=\"western\"><span><span>Maria Aparecida Dos Reis</span></span></p>\r\n</td>\r\n</tr>\r\n<tr>\r\n<td style=\"padding-left: 0.19cm; \">\r\n<p align=\"left\" class=\"western\"><span><span><b>22</b></span></span></p>\r\n</td>\r\n<td style=\"padding-left: 0.19cm; \">\r\n<p align=\"left\" class=\"western\"><span><span><b>Valdecy Fagundes De Oliveira</b></span></span></p>\r\n</td>\r\n<td>\r\n<p align=\"left\" class=\"western\"><span><span>Maria Am\u00e9lia Pereira Manna </span></span></p>\r\n</td>\r\n</tr>\r\n<tr>\r\n<td style=\"padding-left: 0.19cm; \">\r\n<p align=\"left\" class=\"western\"><span><span><b>23</b></span></span></p>\r\n</td>\r\n<td style=\"padding-left: 0.19cm; \">\r\n<p align=\"left\" class=\"western\"><span><span><b>Wilton Afonso Dias Soares</b></span></span></p>\r\n</td>\r\n<td>\r\n<p align=\"left\" class=\"western\"><span><span>Eugenia Alexandrina Pereira</span></span></p>\r\n</td>\r\n</tr>\r\n</tbody>\r\n</table>", "author_name": "", "version": "1.0", "author_url": "https://www.montesclaros.mg.leg.br/author/cristine", "provider_name": "Montes Claros", "type": "rich"}