{"provider_url": "https://www.montesclaros.mg.leg.br", "title": "F\u00f3rum Selo Unicef Edi\u00e7\u00e3o 2022", "html": "<p><strong>F\u00f3rum Selo Unicef Edi\u00e7\u00e3o 2022</strong><br /><strong>Data</strong>: 11 de mar\u00e7o de 2022<br /><strong>Hor\u00e1rio</strong>: 08h \u00e0s 12h<br /><strong>Realiza\u00e7\u00e3o</strong>: Conselho Municipal dos Direitos da Crian\u00e7a e do Adolescente - CMDCA</p>", "author_name": "", "version": "1.0", "author_url": "https://www.montesclaros.mg.leg.br/author/jerusia", "provider_name": "Montes Claros", "type": "rich"}