{"provider_url": "https://www.montesclaros.mg.leg.br", "title": "Encontro com Associa\u00e7\u00f5es Comunit\u00e1rias", "html": "<p class=\"gmail-msolistparagraph\"><span>A C\u00e2mara Municipal de Montes Claros, atrav\u00e9s da Escola do Legislativo, promove palestra nesta sexta-feira (08/10), \u00a0das 8h \u00e0s 12h, com objetivo de orientar os presidentes de associa\u00e7\u00f5es de bairro sobre os principais desafios enfrentados em suas comunidades.</span></p>\r\n<p class=\"gmail-msolistparagraph\"><span>A palestra ser\u00e1 realizada no Plen\u00e1rio da C\u00e2mara, proferida pelo \u00a0Advogado Guilherme Augusto Ferreira, especialista em Direito Penal e Civil.</span></p>\r\n<p class=\"gmail-msolistparagraph\"><span>Ser\u00e3o abordados temas como \u2018A fun\u00e7\u00e3o da associa\u00e7\u00e3o de moradores de bairro\u2019, \u2018As fun\u00e7\u00f5es do presidente da associa\u00e7\u00e3o\u2019, \u201cResolu\u00e7\u00e3o de conflitos\u201d, \u201cComunica\u00e7\u00e3o e Relacionamento\u2019. A participa\u00e7\u00e3o ser\u00e1 restrita aos presidentes das associa\u00e7\u00f5es inscritos.</span><span></span></p>\r\n<p class=\"gmail-msolistparagraph\"><span>\u00a0</span><span></span></p>\r\n<p class=\"gmail-msolistparagraph\"><b><span>SERVI\u00c7O</span></b><span></span></p>\r\n<p class=\"gmail-msolistparagraph\"><b><span>Encontro com Associa\u00e7\u00f5es Comunit\u00e1rias</span></b><span></span></p>\r\n<p class=\"gmail-msolistparagraph\"><b><span>Data: </span></b><span>08 de dezembro de 2021 | Sexta-feira</span><span></span></p>\r\n<p class=\"gmail-msolistparagraph\"><b><span>Hor\u00e1rio: </span></b><span>Das 8h \u00e0s 12h</span><span></span></p>\r\n<p class=\"gmail-msolistparagraph\"><b><span>Local:</span></b><span> Plen\u00e1rio da C\u00e2mara Municipal\u00a0</span><span></span></p>", "author_name": "", "version": "1.0", "author_url": "https://www.montesclaros.mg.leg.br/author/adm", "provider_name": "Montes Claros", "type": "rich"}