{"provider_url": "https://www.montesclaros.mg.leg.br", "title": "Congresso: Sa\u00fade Mental p\u00f3s-pandemia", "html": "<p><strong>CONGRESSO: SA\u00daDE MENTAL P\u00d3S-PANDEMIA</strong></p>\r\n<p><strong>Data</strong>: 22 de setembro de 2022 (quinta-feira)<br /><strong>Hor\u00e1rio</strong>: 8h \u00e0s 12h<br /><strong>Realiza\u00e7\u00e3o</strong>: Escola do Legislativo Professor Artur Leite</p>\r\n<p><strong>PROGRAMA\u00c7\u00c3O</strong><span>:</span></p>\r\n<p><strong>08h -</strong> Abertura<br /><strong>08h30 -</strong> Lan\u00e7amento do Programa: Sa\u00fade Mental na C\u00e2mara Municipal</p>\r\n<p><strong>09h \u00e0s 12h - CICLO DE PALESTRAS:</strong></p>\r\n<p><strong>09h: \u201cPreven\u00e7\u00e3o ao Suic\u00eddio, onde procurar ajuda na Cidade de Montes Claros\u201d</strong><br />Palestrante: Vanessa Mur\u00e7a - Coordenadora da Sa\u00fade Mental do Munic\u00edpio</p>\r\n<p><strong>09h40: \u201cReligiosidade/Espiritualidade na Sa\u00fade F\u00edsica e Mental\u201d</strong><br />Palestrante: Prof. Dr. Carlos Eduardo Mendes D'Angelis - Professor da Unimontes</p>\r\n<p><strong>10h20 \u2013 Intervalo</strong>\u00a0</p>\r\n<p><strong>10h40: \u201cSa\u00fade Mental P\u00f3s-Pandemia\u201d</strong><br />Palestrante: Cynthia Meireles - Psic\u00f3loga Cl\u00ednica</p>\r\n<p><strong>11h20 \u2013 \u201cDepress\u00e3o e Ansiedade, o que podemos fazer por n\u00f3s?\u201d</strong><br />Palestrante: Cristiane Alves Nunes - Terapeuta Integrativa</p>\r\n<p><strong>12h - Encerramento e entrega de certificados</strong></p>", "author_name": "", "version": "1.0", "author_url": "https://www.montesclaros.mg.leg.br/author/jerusia", "provider_name": "Montes Claros", "type": "rich"}