{"provider_url": "https://www.montesclaros.mg.leg.br", "title": "Audi\u00eancia P\u00fablica: \"Esquinas da Morte\u201d", "html": "<p><strong>Audi\u00eancia P\u00fablica: \"Esquinas da Morte\u201d</strong><br /><strong>Proponente</strong>: Vereadora Maria Helena Lopes</p>\r\n<p><strong>Data</strong>: 02 de dezembro de 2021 - Quinta-feira<br /><strong>Hor\u00e1rio</strong>: 08 horas</p>\r\n<p><br /><strong>Autoridades Convidadas:</strong></p>\r\n<p><strong>Viviane Rodrigues Mendes Tanure</strong><br />Presidente Interina da Empresa Municipal de Planejamento, Gest\u00e3o e Educa\u00e7\u00e3o em Tr\u00e2nsito e Transportes de Montes Claros \u2013 MCTrans</p>\r\n<p><strong>Tenente-Coronel Guilherme Antunes Machado</strong><br />Representante da Pol\u00edcia Militar de Minas Gerais</p>\r\n<p><strong>Sra. Zildete Ferreira de Souza</strong><br />Diretora-Executiva do Samu Macro Norte</p>\r\n<p><strong>Major Darlan Moreira Soares</strong><br />Comandante do 7\u00b0 Batalh\u00e3o de Bombeiros Militar de Minas Gerais</p>\r\n<p><strong>Dr. Herivelton Ruas Santana</strong><br />Delegado Regional de Montes Claros</p>", "author_name": "", "version": "1.0", "author_url": "https://www.montesclaros.mg.leg.br/author/jerusia", "provider_name": "Montes Claros", "type": "rich"}