{"provider_url": "https://www.montesclaros.mg.leg.br", "title": "Audi\u00eancia p\u00fablica: Combate ao Feminic\u00eddio", "html": "<p style=\"text-align: justify; \"><span dir=\"ltr\">Que</span><span dir=\"ltr\"> </span><span dir=\"ltr\">seja</span><span dir=\"ltr\"> </span><span dir=\"ltr\">transformada</span><span dir=\"ltr\"> </span><span dir=\"ltr\">em</span><span dir=\"ltr\"> </span><span dir=\"ltr\">Audi\u00eancia</span><span dir=\"ltr\"> </span><span dir=\"ltr\">P\u00fablica,</span><span dir=\"ltr\"> </span><span dir=\"ltr\">a</span><span dir=\"ltr\"> </span><span dir=\"ltr\">Reuni\u00e3o</span><span dir=\"ltr\"> </span><span dir=\"ltr\">Ordin\u00e1ria</span><span dir=\"ltr\"> </span><span dir=\"ltr\">do</span><span dir=\"ltr\"> </span><span dir=\"ltr\">dia</span><span dir=\"ltr\"> </span><span dir=\"ltr\">09</span><span dir=\"ltr\"> </span><span dir=\"ltr\">de </span><span dir=\"ltr\">Fevereiro</span><span dir=\"ltr\"> </span><span dir=\"ltr\">do</span><span dir=\"ltr\"> </span><span dir=\"ltr\">corrente</span><span dir=\"ltr\"> </span><span dir=\"ltr\">ano,</span><span dir=\"ltr\"> </span><span dir=\"ltr\">com</span><span dir=\"ltr\"> </span><span dir=\"ltr\">in\u00edcio</span><span dir=\"ltr\"> </span><span dir=\"ltr\">\u00e0s</span><span dir=\"ltr\"> </span><span dir=\"ltr\">07hrs45min,</span><span dir=\"ltr\"> </span><span dir=\"ltr\">onde</span><span dir=\"ltr\"> </span><span dir=\"ltr\">ser\u00e1</span><span dir=\"ltr\"> </span><span dir=\"ltr\">discutido</span><span dir=\"ltr\"> </span><span dir=\"ltr\">sobre</span><span dir=\"ltr\"> </span><span dir=\"ltr\">o</span><span dir=\"ltr\"> </span><span dir=\"ltr\">\"Combate</span><span dir=\"ltr\"> </span><span dir=\"ltr\">ao </span><span dir=\"ltr\">Feminic\u00eddio\"</span></p>", "author_name": "", "version": "1.0", "author_url": "https://www.montesclaros.mg.leg.br/author/cristine", "provider_name": "Montes Claros", "type": "rich"}