{"provider_url": "https://www.montesclaros.mg.leg.br", "title": "Agenda da C\u00e2mara da pr\u00f3xima semana", "html": "<p align=\"justify\" class=\"western\"><span><i>Por Gissele Niza</i></span></p>\r\n<p align=\"justify\" class=\"western\">\u00a0</p>\r\n<p align=\"justify\" class=\"western\">A C\u00e2mara Municipal de Montes Claros realizar\u00e1 na pr\u00f3xima semana, tr\u00eas sess\u00f5es especiais de homenagem, al\u00e9m da reuni\u00e3o ordin\u00e1ria na ter\u00e7a-feira (23), a partir das 7h45.</p>\r\n<p align=\"justify\" class=\"western\">Na segunda-feira (22), \u00e0s 8 horas, acontecer\u00e1 Sess\u00e3o Especial em homenagem ao Centro de Agricultura Alternativa do Norte de Minas \u2013 CAA. A proposi\u00e7\u00e3o \u00e9 da vereadora Professora Iara Pimentel (PT).</p>\r\n<p align=\"justify\" class=\"western\">Na quarta-feira (24), \u00e0s 19 horas, por requerimento do vereador Daniel Dias (PCdoB), ocorrer\u00e1 Sess\u00e3o Especial em homenagem ao Dia Municipal do Movimento Estudantil.</p>\r\n<p align=\"justify\" class=\"western\">Por solicita\u00e7\u00e3o do segundo-secret\u00e1rio da Mesa Diretora, vereador Wilton Dias (Avante), na quinta-feira (25), \u00e0s 19 horas, haver\u00e1 Sess\u00e3o Especial em homenagem ao Programa Educacional de Resist\u00eancia \u00e0s Drogas - PROERD, pelos seus 20 anos de exist\u00eancia.</p>\r\n<p align=\"justify\" class=\"western\">Os eventos s\u00e3o abertos ao p\u00fablico e tamb\u00e9m ser\u00e3o transmitidos, ao vivo, pela TV C\u00e2mara canal 5.3 e pelo YouTube: /tvcamamaramontesclaros.</p>\r\n<p align=\"justify\" class=\"western\">\u00a0</p>\r\n<p align=\"justify\" class=\"western\"><em><span><span><span><span><span><span><span>_______________________________</span></span></span></span></span></span></span></em></p>\r\n<p class=\"western\"><span><span><span><span><span><span><b>C\u00e2mara Municipal de Montes Claros</b></span></span></span></span></span></span><span><span><span><span><span><span><span><br /> Assessoria de Comunica\u00e7\u00e3o Social<br /> Contatos:(38) 3690-5504 | 3690-5506 \u2013</span></span></span></span></span></span></span><span><span><a href=\"mailto:ascom@montesclaros.mg.leg.br\" target=\"_blank\"><span><span><span><span><span><span><span><span><span>ascom@montesclaros.mg.leg.br</span></span></span></span></span></span></span></span></span></a></span></span><span><span><span><span><span><span><span><br /> Facebook\u00a0</span></span></span></span></span></span></span><span><span><a href=\"http://www.facebook.com/camaramoc\" target=\"_blank\"><span><span><span><span><span><span><span><span><span>www.facebook.com/camaramoc</span></span></span></span></span></span></span></span></span></a></span></span><span><span><span><span><span><span><span><br /> Twitter:</span></span></span></span></span></span></span><span><span><a href=\"https://twitter.com/camaramoc\" target=\"_blank\"><span><span><span><span><span><span><span><span><span>https://twitter.com/camaramoc</span></span></span></span></span></span></span></span></span></a></span></span><span><span><span><span><span><span><span><br /> Instagram:</span></span></span></span></span></span></span><span><span><a href=\"http://www.instagram.com/camaramoc\" target=\"_blank\"><span><span><span><span><span><span><span><span><span>www.instagram.com/camaramoc</span></span></span></span></span></span></span></span></span></a></span></span><span><span><span><span><span><span><span><br /> </span></span></span></span></span></span></span><span><span><a href=\"https://montesclaros.mg.leg.br/\" target=\"_blank\"><span><span><span><span><span><span><span><span><span>https://montesclaros.mg.leg.br</span></span></span></span></span></span></span></span></span></a></span></span></p>", "author_name": "", "version": "1.0", "author_url": "https://www.montesclaros.mg.leg.br/author/gisseleoliveira", "provider_name": "Montes Claros", "type": "rich"}